{"id":226123,"date":"2026-01-12T14:01:08","date_gmt":"2026-01-12T14:01:08","guid":{"rendered":"https:\/\/www.europesays.com\/pt\/226123\/"},"modified":"2026-01-12T14:01:08","modified_gmt":"2026-01-12T14:01:08","slug":"rede-eletrica-dos-eua-esta-no-limite-mas-ha-uma-solucao","status":"publish","type":"post","link":"https:\/\/www.europesays.com\/pt\/226123\/","title":{"rendered":"Rede el\u00e9trica dos EUA est\u00e1 no limite, mas h\u00e1 uma solu\u00e7\u00e3o"},"content":{"rendered":"<p>O crescimento exponencial da intelig\u00eancia artificial (IA) e dos servi\u00e7os na nuvem est\u00e1 a levar a infraestrutura energ\u00e9tica dos EUA a um ponto de rutura. Com um ter\u00e7o dos centros de dados do mundo localizados no pa\u00eds, o seu consumo massivo de energia amea\u00e7a a estabilidade da rede, obrigando a ponderar medidas dr\u00e1sticas.<\/p>\n<p style=\"text-align: center;\"><a target=\"_blank\" href=\"https:\/\/www.europesays.com\/pt\/wp-content\/uploads\/2025\/11\/microsoft_centro_de_dados.webp.webp\"><img fetchpriority=\"high\" decoding=\"async\" src=\"https:\/\/www.europesays.com\/pt\/wp-content\/uploads\/2025\/11\/microsoft_centro_de_dados.webp.webp\" alt=\"\" width=\"1024\" height=\"576\" class=\"alignnone size-full wp-image-1087483\"  \/><\/a><\/p>\n<p>Um consumo energ\u00e9tico insustent\u00e1vel<\/p>\n<p>A situa\u00e7\u00e3o, reportada pelo <a target=\"_blank\" href=\"https:\/\/www.wsj.com\/business\/energy-oil\/ai-data-center-blackouts-electric-grid-1fed9803\" rel=\"nofollow noopener\">Wall Street Journal<\/a>, \u00e9 alarmante. A rede el\u00e9trica norte-americana est\u00e1 a ser levada ao seu limite e os operadores energ\u00e9ticos j\u00e1 antecipam a possibilidade de apag\u00f5es generalizados durante os per\u00edodos de maior procura. Em 2023, os centros de dados foram respons\u00e1veis por 4% de todo o consumo el\u00e9trico do pa\u00eds. As previs\u00f5es indicam <strong>que este valor poder\u00e1 triplicar, atingindo os 12% at\u00e9 2028<\/strong>.<\/p>\n<p>O problema reside no desfasamento entre a velocidade a que novos centros de dados s\u00e3o constru\u00eddos e a capacidade de expans\u00e3o da rede el\u00e9trica. Os operadores enfrentam, por isso, um dilema complexo: como fornecer energia a estas infraestruturas cr\u00edticas sem comprometer o fornecimento aos consumidores residenciais e comerciais, <strong>que j\u00e1 sentem o impacto na subida do pre\u00e7o das suas faturas<\/strong>.<\/p>\n<p>Para evitar o colapso, foi proposta uma solu\u00e7\u00e3o controversa: obrigar os centros de dados a desligarem-se temporariamente da rede principal durante picos de consumo, <strong>recorrendo \u00e0s suas pr\u00f3prias fontes de energia de reserva<\/strong>.<\/p>\n<p>A <a target=\"_blank\" href=\"https:\/\/www.pjm.com\/about-pjm\" rel=\"nofollow noopener\">PJM Interconnection<\/a>, entidade que gere o mercado energ\u00e9tico em parte do Midwest, foi uma das primeiras a sugerir que as empresas tecnol\u00f3gicas devem desenvolver as suas pr\u00f3prias fontes de energia <strong>ou aceitar cortes de fornecimento quando a rede estiver saturada<\/strong>.<\/p>\n<p>Esta ideia n\u00e3o \u00e9 um caso isolado. No estado do Texas, onde se prev\u00ea que a procura de eletricidade duplique at\u00e9 2035, foi aprovada uma lei no ano passado que contempla um &#8220;interruptor de emerg\u00eancia&#8221;. Este mecanismo permite desligar grandes consumidores, como os centros de dados, <strong>em momentos de &#8220;stress extremo&#8221; na rede el\u00e9trica<\/strong>.<\/p>\n<p style=\"text-align: center;\"><a target=\"_blank\" href=\"https:\/\/pplware.sapo.pt\/wp-content\/uploads\/2025\/03\/centro_dados-2.jpg\" onclick=\"refreshIframe()\" class=\"foobox\" rel=\"nofollow noopener\"><img loading=\"lazy\" decoding=\"async\" src=\"https:\/\/www.europesays.com\/pt\/wp-content\/uploads\/2026\/01\/centro_dados-2-1024x576.jpg\" alt=\"Centro de dados\" width=\"720\" height=\"405\" class=\"alignnone size-large wp-image-1048026\"  \/><\/a><\/p>\n<p>A resposta das gigantes tecnol\u00f3gicas<\/p>\n<p>Como seria de esperar, a proposta n\u00e3o foi bem recebida pelas empresas de tecnologia. A Data Center Coalition, que representa gigantes como a Google, Microsoft e AWS, classificou a medida como &#8220;discriminat\u00f3ria&#8221;. Argumentam que os centros de dados necessitam de uma fonte de energia est\u00e1vel e fi\u00e1vel para operar e que for\u00e7\u00e1-los a depender de reservas pr\u00f3prias, como geradores a diesel, <strong>teria um impacto ambiental bastante negativo<\/strong>.<\/p>\n<p>As tecnol\u00f3gicas defendem que, em vez de serem penalizadas, deveriam ser vistas como parceiras na moderniza\u00e7\u00e3o da rede, mas os operadores energ\u00e9ticos insistem que a prioridade <strong>tem de ser a estabilidade do sistema para todos os utilizadores<\/strong>.<\/p>\n<p>Perante este impasse, surgiu um cen\u00e1rio interm\u00e9dio que oferece benef\u00edcios m\u00fatuos. Devido \u00e0 sobrecarga da infraestrutura, a liga\u00e7\u00e3o de um novo centro de dados \u00e0 rede pode demorar entre tr\u00eas a cinco anos, havendo casos que chegam a oito. Operadores como o Southwest Power Pool, no Texas, propuseram um acordo: <strong>conceder acesso priorit\u00e1rio \u00e0 rede em troca da aceita\u00e7\u00e3o de serem desligados em momentos de alta procura<\/strong>.<\/p>\n<p>Um <a target=\"_blank\" href=\"https:\/\/www.camus.energy\/flexible-data-center-report\" rel=\"nofollow noopener\">estudo<\/a> recente, financiado pela Google, corrobora esta abordagem, mostrando que os centros de dados com liga\u00e7\u00f5es mais flex\u00edveis (que aceitam desconex\u00f5es e investem em energia pr\u00f3pria) conseguem ligar-se \u00e0 rede v\u00e1rios anos antes dos restantes. Apesar da relut\u00e2ncia inicial, <strong>a autossufici\u00eancia parece ser o caminho mais realista para a ind\u00fastria<\/strong>.<\/p>\n<p>\u00a0<\/p>\n<p><strong>Leia tamb\u00e9m:<\/strong><\/p>\n","protected":false},"excerpt":{"rendered":"O crescimento exponencial da intelig\u00eancia artificial (IA) e dos servi\u00e7os na nuvem est\u00e1 a levar a infraestrutura energ\u00e9tica&hellip;\n","protected":false},"author":2,"featured_media":144709,"comment_status":"","ping_status":"","sticky":false,"template":"","format":"standard","meta":{"footnotes":""},"categories":[83],"tags":[88,5032,89,90,413,32,33,25020],"class_list":{"0":"post-226123","1":"post","2":"type-post","3":"status-publish","4":"format-standard","5":"has-post-thumbnail","7":"category-empresas","8":"tag-business","9":"tag-centro-de-dados","10":"tag-economy","11":"tag-empresas","12":"tag-eua","13":"tag-portugal","14":"tag-pt","15":"tag-rede-eletrica"},"share_on_mastodon":{"url":"https:\/\/pubeurope.com\/@pt\/115882497380259214","error":""},"_links":{"self":[{"href":"https:\/\/www.europesays.com\/pt\/wp-json\/wp\/v2\/posts\/226123","targetHints":{"allow":["GET"]}}],"collection":[{"href":"https:\/\/www.europesays.com\/pt\/wp-json\/wp\/v2\/posts"}],"about":[{"href":"https:\/\/www.europesays.com\/pt\/wp-json\/wp\/v2\/types\/post"}],"author":[{"embeddable":true,"href":"https:\/\/www.europesays.com\/pt\/wp-json\/wp\/v2\/users\/2"}],"replies":[{"embeddable":true,"href":"https:\/\/www.europesays.com\/pt\/wp-json\/wp\/v2\/comments?post=226123"}],"version-history":[{"count":0,"href":"https:\/\/www.europesays.com\/pt\/wp-json\/wp\/v2\/posts\/226123\/revisions"}],"wp:featuredmedia":[{"embeddable":true,"href":"https:\/\/www.europesays.com\/pt\/wp-json\/wp\/v2\/media\/144709"}],"wp:attachment":[{"href":"https:\/\/www.europesays.com\/pt\/wp-json\/wp\/v2\/media?parent=226123"}],"wp:term":[{"taxonomy":"category","embeddable":true,"href":"https:\/\/www.europesays.com\/pt\/wp-json\/wp\/v2\/categories?post=226123"},{"taxonomy":"post_tag","embeddable":true,"href":"https:\/\/www.europesays.com\/pt\/wp-json\/wp\/v2\/tags?post=226123"}],"curies":[{"name":"wp","href":"https:\/\/api.w.org\/{rel}","templated":true}]}}