{"id":226124,"date":"2026-01-12T14:03:11","date_gmt":"2026-01-12T14:03:11","guid":{"rendered":"https:\/\/www.europesays.com\/pt\/226124\/"},"modified":"2026-01-12T14:03:11","modified_gmt":"2026-01-12T14:03:11","slug":"candidatos-criticam-cotrim-de-figueiredo-por-admitir-apoio-a-ventura-na-segunda-volta-presidenciais","status":"publish","type":"post","link":"https:\/\/www.europesays.com\/pt\/226124\/","title":{"rendered":"Candidatos criticam Cotrim de Figueiredo por admitir apoio a Ventura na segunda volta &#8211; Presidenciais"},"content":{"rendered":"<p>                     Jorge Pinto diz-se triste mas n\u00e3o surpreendido por Cotrim n\u00e3o excluir apoio a Ventura <\/p>\n<p class=\"\">&#13;<br \/>\n        O candidato presidencial<b> Jorge Pinto disse esta segunda-feira que o entristece, mas n\u00e3o surpreende, ver Jo\u00e3o Cotrim Figueiredo a n\u00e3o excluir o apoio a Ventura numa segunda volta<\/b>, acusando o liberal de abdicar dos seus princ\u00edpios por calculismo.&#13;\n    <\/p>\n<p class=\"\">&#13;<br \/>\n        &#8220;Se h\u00e1 algu\u00e9m que tem falado contra a nossa democracia \u00e9 Andr\u00e9 Ventura.<b> Que Jo\u00e3o Cotrim Figueiredo esteja confort\u00e1vel com isso e que assuma que poderia votar nele, a mim entristece-me, mas na verdade n\u00e3o me surpreende,<\/b> porque os pontos de contacto entre Jo\u00e3o Cotrim Figueiredo e a Iniciativa Liberal e o Chega e Andr\u00e9 Ventura, s\u00e3o v\u00e1rios&#8221;, afirmou.&#13;\n    <\/p>\n<p class=\"\">&#13;<br \/>\n        Jorge Pinto falava aos jornalistas ap\u00f3s uma reuni\u00e3o com representantes da associa\u00e7\u00e3o Casa Qui, em Lisboa, sobre o candidato presidencial Cotrim Figueiredo ter revelado que, numa eventual segunda volta das elei\u00e7\u00f5es em que n\u00e3o esteja, n\u00e3o exclui o apoio a qualquer candidato, mesmo ap\u00f3s ser questionado sobre se apoiaria Andr\u00e9 Ventura.&#13;\n    <\/p>\n<p class=\"\">&#13;<br \/>\n        O candidato a Bel\u00e9m apoiado pelo Livre, que disse n\u00e3o ter visto, em concreto, o que foi dito pelo candidato apoiado pela IL, defendeu que a sua posi\u00e7\u00e3o demonstra o conforto de Cotrim com os ataque que Andr\u00e9 Ventura pretende p\u00f4r em marcha contra a Constitui\u00e7\u00e3o.&#13;\n    <\/p>\n<p class=\"\">&#13;<br \/>\n        Jorge Pinto reiterou ainda que apoiar\u00e1 qualquer nome que concorrer contra o l\u00edder do Chega numa eventual segunda volta, inclusive Cotrim Figueiredo, considerando que o liberal se mant\u00e9m no &#8220;arco republicano&#8221;, mas acusou o candidato de calculismo pol\u00edtico para chegar \u00e0 segunda volta.&#13;\n    <\/p>\n<p class=\"\">&#13;<br \/>\n        &#8220;<b>Esta tentativa de Jo\u00e3o Cotrim Figueiredo e de outros candidatos de querer agradar a gregos e a troianos, de querer alargar o seu leque de eleitorado cl\u00e1ssico para tentar passar \u00e0 segunda volta, \u00e9 perigoso.<\/b> \u00c9 perigoso porque quando n\u00f3s abdicamos dos nossos princ\u00edpios, quando n\u00f3s abdicamos de ser aquilo que somos e aquilo que pensamos por um mero calculismo pol\u00edtico, ent\u00e3o estamos dispostos a tudo por mera vontade de poder&#8221;, criticou.&#13;\n    <\/p>\n","protected":false},"excerpt":{"rendered":"Jorge Pinto diz-se triste mas n\u00e3o surpreendido por Cotrim n\u00e3o excluir apoio a Ventura &#13; O candidato presidencial&hellip;\n","protected":false},"author":2,"featured_media":226125,"comment_status":"","ping_status":"","sticky":false,"template":"","format":"standard","meta":{"footnotes":""},"categories":[10],"tags":[27,28,15,16,14,25,26,21,22,12,13,19,20,6952,52,32,23,24,33,17,18,29,30,31],"class_list":{"0":"post-226124","1":"post","2":"type-post","3":"status-publish","4":"format-standard","5":"has-post-thumbnail","7":"category-portugal","8":"tag-breaking-news","9":"tag-breakingnews","10":"tag-featured-news","11":"tag-featurednews","12":"tag-headlines","13":"tag-latest-news","14":"tag-latestnews","15":"tag-main-news","16":"tag-mainnews","17":"tag-news","18":"tag-noticias","19":"tag-noticias-principais","20":"tag-noticiasprincipais","21":"tag-pedro-nuno-santos","22":"tag-politica","23":"tag-portugal","24":"tag-principais-noticias","25":"tag-principaisnoticias","26":"tag-pt","27":"tag-top-stories","28":"tag-topstories","29":"tag-ultimas","30":"tag-ultimas-noticias","31":"tag-ultimasnoticias"},"share_on_mastodon":{"url":"https:\/\/pubeurope.com\/@pt\/115882505287540132","error":""},"_links":{"self":[{"href":"https:\/\/www.europesays.com\/pt\/wp-json\/wp\/v2\/posts\/226124","targetHints":{"allow":["GET"]}}],"collection":[{"href":"https:\/\/www.europesays.com\/pt\/wp-json\/wp\/v2\/posts"}],"about":[{"href":"https:\/\/www.europesays.com\/pt\/wp-json\/wp\/v2\/types\/post"}],"author":[{"embeddable":true,"href":"https:\/\/www.europesays.com\/pt\/wp-json\/wp\/v2\/users\/2"}],"replies":[{"embeddable":true,"href":"https:\/\/www.europesays.com\/pt\/wp-json\/wp\/v2\/comments?post=226124"}],"version-history":[{"count":0,"href":"https:\/\/www.europesays.com\/pt\/wp-json\/wp\/v2\/posts\/226124\/revisions"}],"wp:featuredmedia":[{"embeddable":true,"href":"https:\/\/www.europesays.com\/pt\/wp-json\/wp\/v2\/media\/226125"}],"wp:attachment":[{"href":"https:\/\/www.europesays.com\/pt\/wp-json\/wp\/v2\/media?parent=226124"}],"wp:term":[{"taxonomy":"category","embeddable":true,"href":"https:\/\/www.europesays.com\/pt\/wp-json\/wp\/v2\/categories?post=226124"},{"taxonomy":"post_tag","embeddable":true,"href":"https:\/\/www.europesays.com\/pt\/wp-json\/wp\/v2\/tags?post=226124"}],"curies":[{"name":"wp","href":"https:\/\/api.w.org\/{rel}","templated":true}]}}