{"id":226126,"date":"2026-01-12T14:04:11","date_gmt":"2026-01-12T14:04:11","guid":{"rendered":"https:\/\/www.europesays.com\/pt\/226126\/"},"modified":"2026-01-12T14:04:11","modified_gmt":"2026-01-12T14:04:11","slug":"cotrim-nao-exclui-apoiar-ventura-e-agita-campanha-mendes-diz-que-voto-no-candidato-da-il-e-inutil-expresso","status":"publish","type":"post","link":"https:\/\/www.europesays.com\/pt\/226126\/","title":{"rendered":"Cotrim n\u00e3o exclui apoiar Ventura e agita campanha; Mendes diz que voto no candidato da IL &quot;\u00e9 in\u00fatil&quot; &#8211; Expresso"},"content":{"rendered":"<ol>\n<li><a href=\"https:\/\/news.google.com\/rss\/articles\/CBMivgFBVV95cUxPdF9MMXhSYWoxVUt2MDJMZ01Sd0gwNGhpSjhVaXhHaEpQYTFmOGdHRlRlRFd5a29KZmNOankwSHMwUEJvTFp2WTRoLXdUZDNfb2o1UWNnMk9ldnNYR2xFb1V4YU5BdF9LdTFsLXlWeHpMODNmX3d0aDJuOWRldlBPTGk0cU5VRnRsdWtxQjhJVzFIV1NNMWQ3VkJ6QWhEdXFTemx4THFRWjhpQWVyNm1maW5ac2k3cGwxQmk0dFFn?oc=5\" target=\"_blank\" rel=\"nofollow noopener\">Cotrim n\u00e3o exclui apoiar Ventura e agita campanha; Mendes diz que voto no candidato da IL &#8220;\u00e9 in\u00fatil&#8221;<\/a>&nbsp;&nbsp;Expresso<\/li>\n<li><a href=\"https:\/\/news.google.com\/rss\/articles\/CBMiowFBVV95cUxPUkpDdFQyc1lvbTN0TEJyTm9qU2Z4Y2FhUnpTdEcyeHpzN3FQMVJDUGVhcDVyVnFfVllqRzMySEY3Z1BGYTlTZkhrUUJjMjBUUm50enZiQk1iVzd1SWJ6d0NUS1RUUnRHenV4QXQ3MzhoV1VmOFVyajBLMVFlZ1JGZ0xRQjdyTWFfMzNBREV3VmZiN3FvN25MRkNCOXp4cF9SQ3I4?oc=5\" target=\"_blank\" rel=\"nofollow noopener\">Cotrim de Figueiredo, o &#8220;catalisador&#8221; com &#8220;queda&#8221; para a rua<\/a>&nbsp;&nbsp;RTP<\/li>\n<li><a href=\"https:\/\/news.google.com\/rss\/articles\/CBMirgFBVV95cUxPNmtNY1MzVXFyVU9zcUpuWEdNUy03TjIzOHc2T2gxQnF4VVQ3TGdNZDJBajNXS0hJcXUzeV95bU91MERPRVBCXzZNUG9BOHZXTC0yRnRQZlo5cEdpYzhjUUhBcE5TUkF1ZXZtRHdCelZ1bXo4d2t5aXh3N0xLUGpGLXR4OER0NUJmdkVHWDg1ZmdqUEdDOWNmc0NwNHljR25XYUJCc1dSMTM3NGE4dUE?oc=5\" target=\"_blank\" rel=\"nofollow noopener\">Av\u00f4 Cotrim leva netos ao palco: &#8220;A luta tamb\u00e9m \u00e9 por voc\u00eas&#8221;<\/a>&nbsp;&nbsp;Observador<\/li>\n<li><a href=\"https:\/\/news.google.com\/rss\/articles\/CBMiswFBVV95cUxQUEJqRXJTSC1tX29KQkM3T3R5ZVhZLW9NQU42NVVqYjVyaGtwX24xNjFSa0tnUzJxdHRMbGtHQnVBRWJ6ZEdTS1ZNUnhkdVVDYUhWRWMxZnFqV1J2bW1pMFJpWllUWExXcDFJMy1jVzhFVld6SnFyQjVwbzRRWEZ0dGZqV1dTajlNUkR5ODlHVU14SHczZGl0cldtWHNZNmMwSHBjRnlWNFdxdVZqb00xTGxYbw?oc=5\" target=\"_blank\" rel=\"nofollow noopener\">Cotrim Figueiredo n\u00e3o exclui apoio a nenhum candidato numa eventual segunda volta<\/a>&nbsp;&nbsp;ECO<\/li>\n<li><a href=\"https:\/\/news.google.com\/rss\/articles\/CBMihwJBVV95cUxQYU0zejB1LTVVbTNzZzh4eHZYcVZ5Vkt4eVl6MVJIanhaaFZMek5Kakc5U3EtT0k1OGZkalpWYmd0SFNIZ3ZXMlNDREExZWdPVzVqNlpGM2hWYkF5VGUwazNyS2JHdFAxYi1lOXRtYkZ6V01CeU5fZ2l3Vjk1T29DaHVua052NkkxdTZpZmlvZERhSnYyaERvRmhQeFJxeU5wR0VZeWV3Ym1zRTBfR2g2VDl4WjZ2TG4yOFdpMjlTQzZFNDA4UEFSODIzclRCSFRRdGV1MGdpMmtRc3J1YlBvZkd2NHk2X0FnVTVqXzZ5dmhuenRDRnl5RHBEenJ4TkF2dF9FVGgxYw?oc=5\" target=\"_blank\" rel=\"nofollow noopener\">Cotrim reuniu mais de mil pessoas em com\u00edcio em Lisboa e contou com presen\u00e7a de filhos e netos<\/a>&nbsp;&nbsp;SIC Not\u00edcias<\/li>\n<\/ol>\n","protected":false},"excerpt":{"rendered":"Cotrim n\u00e3o exclui apoiar Ventura e agita campanha; Mendes diz que voto no candidato da IL &#8220;\u00e9 in\u00fatil&#8221;&nbsp;&nbsp;Expresso&hellip;\n","protected":false},"author":2,"featured_media":226127,"comment_status":"","ping_status":"","sticky":false,"template":"","format":"standard","meta":{"footnotes":""},"categories":[8],"tags":[27,28,15,16,14,25,26,21,22,12,13,19,20,32,23,24,33,17,18,29,30,31],"class_list":{"0":"post-226126","1":"post","2":"type-post","3":"status-publish","4":"format-standard","5":"has-post-thumbnail","7":"category-principais-noticias","8":"tag-breaking-news","9":"tag-breakingnews","10":"tag-featured-news","11":"tag-featurednews","12":"tag-headlines","13":"tag-latest-news","14":"tag-latestnews","15":"tag-main-news","16":"tag-mainnews","17":"tag-news","18":"tag-noticias","19":"tag-noticias-principais","20":"tag-noticiasprincipais","21":"tag-portugal","22":"tag-principais-noticias","23":"tag-principaisnoticias","24":"tag-pt","25":"tag-top-stories","26":"tag-topstories","27":"tag-ultimas","28":"tag-ultimas-noticias","29":"tag-ultimasnoticias"},"share_on_mastodon":{"url":"https:\/\/pubeurope.com\/@pt\/115882509203745619","error":""},"_links":{"self":[{"href":"https:\/\/www.europesays.com\/pt\/wp-json\/wp\/v2\/posts\/226126","targetHints":{"allow":["GET"]}}],"collection":[{"href":"https:\/\/www.europesays.com\/pt\/wp-json\/wp\/v2\/posts"}],"about":[{"href":"https:\/\/www.europesays.com\/pt\/wp-json\/wp\/v2\/types\/post"}],"author":[{"embeddable":true,"href":"https:\/\/www.europesays.com\/pt\/wp-json\/wp\/v2\/users\/2"}],"replies":[{"embeddable":true,"href":"https:\/\/www.europesays.com\/pt\/wp-json\/wp\/v2\/comments?post=226126"}],"version-history":[{"count":0,"href":"https:\/\/www.europesays.com\/pt\/wp-json\/wp\/v2\/posts\/226126\/revisions"}],"wp:featuredmedia":[{"embeddable":true,"href":"https:\/\/www.europesays.com\/pt\/wp-json\/wp\/v2\/media\/226127"}],"wp:attachment":[{"href":"https:\/\/www.europesays.com\/pt\/wp-json\/wp\/v2\/media?parent=226126"}],"wp:term":[{"taxonomy":"category","embeddable":true,"href":"https:\/\/www.europesays.com\/pt\/wp-json\/wp\/v2\/categories?post=226126"},{"taxonomy":"post_tag","embeddable":true,"href":"https:\/\/www.europesays.com\/pt\/wp-json\/wp\/v2\/tags?post=226126"}],"curies":[{"name":"wp","href":"https:\/\/api.w.org\/{rel}","templated":true}]}}