{"id":226128,"date":"2026-01-12T14:05:07","date_gmt":"2026-01-12T14:05:07","guid":{"rendered":"https:\/\/www.europesays.com\/pt\/226128\/"},"modified":"2026-01-12T14:05:07","modified_gmt":"2026-01-12T14:05:07","slug":"glinda-gotica-o-vestido-inesperado-de-ariana-grande-nos-globos-de-ouro-nit","status":"publish","type":"post","link":"https:\/\/www.europesays.com\/pt\/226128\/","title":{"rendered":"Glinda g\u00f3tica. O vestido inesperado de Ariana Grande nos Globos de Ouro \u2014 NiT"},"content":{"rendered":"<p>Durante a promo\u00e7\u00e3o do filme \u201cWicked: For Good\u201d, Ariana Grande habituou os f\u00e3s \u00e0 arte do method dressing \u2014 o fen\u00f3meno dos atores que usam visuais a combinar com as suas personagens. Ao contr\u00e1rio do que se esperava, na 83.\u00aa edi\u00e7\u00e3o dos Globos de Ouro, em Los Angeles, trocou os tons de rosa de Glinda, a personagem que interpreta, por uma cor que ningu\u00e9m associaria \u00e0 protagonista.<\/p>\n<p>Com um vestido de alta-costura da marca Vivienne Westwood, feito \u00e0 medida para a ocasi\u00e3o, a atriz apostou numa silhueta que a \u201cBruxa Boa\u201d do Feiticeiro de Oz usaria, mas numa vers\u00e3o em preto. Quase como se fosse uma vers\u00e3o g\u00f3tica da feiticeira inocente e delicada.<\/p>\n<p><img decoding=\"async\" loading=\"lazy\" class=\"aligncenter  wp-image-1563923\" src=\"https:\/\/www.europesays.com\/pt\/wp-content\/uploads\/2026\/01\/e9e19a409e90f64abff2ba58743d2a8a.jpg\" alt=\"\" width=\"642\" height=\"963\"  \/><\/p>\n<p>O modelo, que deixava os ombros \u00e0 mostra, estava totalmente coberto de diamantes brancos e brilhantes, ainda que de forma discreta. Com um corpete ajustada, contava ainda com pregas e folhos que se expandiam em volume da cintura at\u00e9 aos p\u00e9s. No ombro esquerdo, contava ainda com uma al\u00e7a amarrada com um la\u00e7o de veludo.<\/p>\n<p>Quanto ao penteado, Ariana levou o seu caracter\u00edstico rabo de cavalo, mas com uma madeixa ondulada a emoldurar o lado direito do rosto. Adaptou o seu look de beleza caracter\u00edstico para uma vers\u00e3o que remete para os anos 50, complementado com um colar e brincos de diamantes cl\u00e1ssicos.<\/p>\n<p>Carregue na galeria para conhecer os looks que marcaram, pelos melhores ou piores motivos, a passadeira vermelha dos Globos de Ouro.<\/p>\n","protected":false},"excerpt":{"rendered":"Durante a promo\u00e7\u00e3o do filme \u201cWicked: For Good\u201d, Ariana Grande habituou os f\u00e3s \u00e0 arte do method dressing&hellip;\n","protected":false},"author":2,"featured_media":226129,"comment_status":"","ping_status":"","sticky":false,"template":"","format":"standard","meta":{"footnotes":""},"categories":[145],"tags":[211,210,114,115,32,33],"class_list":{"0":"post-226128","1":"post","2":"type-post","3":"status-publish","4":"format-standard","5":"has-post-thumbnail","7":"category-celebridades","8":"tag-celebridades","9":"tag-celebrities","10":"tag-entertainment","11":"tag-entretenimento","12":"tag-portugal","13":"tag-pt"},"share_on_mastodon":{"url":"https:\/\/pubeurope.com\/@pt\/115882513092911063","error":""},"_links":{"self":[{"href":"https:\/\/www.europesays.com\/pt\/wp-json\/wp\/v2\/posts\/226128","targetHints":{"allow":["GET"]}}],"collection":[{"href":"https:\/\/www.europesays.com\/pt\/wp-json\/wp\/v2\/posts"}],"about":[{"href":"https:\/\/www.europesays.com\/pt\/wp-json\/wp\/v2\/types\/post"}],"author":[{"embeddable":true,"href":"https:\/\/www.europesays.com\/pt\/wp-json\/wp\/v2\/users\/2"}],"replies":[{"embeddable":true,"href":"https:\/\/www.europesays.com\/pt\/wp-json\/wp\/v2\/comments?post=226128"}],"version-history":[{"count":0,"href":"https:\/\/www.europesays.com\/pt\/wp-json\/wp\/v2\/posts\/226128\/revisions"}],"wp:featuredmedia":[{"embeddable":true,"href":"https:\/\/www.europesays.com\/pt\/wp-json\/wp\/v2\/media\/226129"}],"wp:attachment":[{"href":"https:\/\/www.europesays.com\/pt\/wp-json\/wp\/v2\/media?parent=226128"}],"wp:term":[{"taxonomy":"category","embeddable":true,"href":"https:\/\/www.europesays.com\/pt\/wp-json\/wp\/v2\/categories?post=226128"},{"taxonomy":"post_tag","embeddable":true,"href":"https:\/\/www.europesays.com\/pt\/wp-json\/wp\/v2\/tags?post=226128"}],"curies":[{"name":"wp","href":"https:\/\/api.w.org\/{rel}","templated":true}]}}