{"id":226135,"date":"2026-01-12T14:12:08","date_gmt":"2026-01-12T14:12:08","guid":{"rendered":"https:\/\/www.europesays.com\/pt\/226135\/"},"modified":"2026-01-12T14:12:08","modified_gmt":"2026-01-12T14:12:08","slug":"yamal-mostra-mais-do-que-devia-no-balneario-do-barca-isto-nao-se-pode-gravar","status":"publish","type":"post","link":"https:\/\/www.europesays.com\/pt\/226135\/","title":{"rendered":"Yamal mostra mais do que devia no balne\u00e1rio do Bar\u00e7a: \u00abIsto n\u00e3o se pode gravar\u00bb"},"content":{"rendered":"<p>Lamine Yamal filmou um pouco dos bastidores da festa do Barcelona, ap\u00f3s conquistar a Superta\u00e7a da Espanha, e h\u00e1 um excerto da transmiss\u00e3o que j\u00e1 se tornou viral nas redes sociais.<\/p>\n<p>Durante o direto, Yamal aparentemente capta o momento em que Szczesny surge a fumar dentro do balne\u00e1rio e as rea\u00e7\u00f5es come\u00e7aram a surgir. N\u00e3o \u00e9 novo que o guardi\u00e3o polaco seja fumador, j\u00e1 que o pr\u00f3prio admitiu em diversas entrevistas ter perdido a <a href=\"https:\/\/maisfutebol.iol.pt\/espanha\/barcelona\/szczesny-perdi-a-luta-contra-o-tabaco-nao-sigam-o-meu-exemplo\" target=\"_blank\" rel=\"nofollow noopener\">\u00abluta contra o tabaco\u00bb<\/a>.<\/p>\n<p>Ora, o que gerou ainda mais curiosidade foi o facto de Yamal ter rodado a c\u00e2mara para si mesmo no exato momento em que surge fumo perto de Szczesny, mas sobretudo a frase que proferiu segundos depois: \u00abIsto aqui n\u00e3o se pode gravar\u00bb.<\/p>\n<p><strong>Assista aqui ao momento:<\/strong>\u00a0<\/p>\n<p>Al\u00e9m disso, j\u00e1 na sa\u00edda do est\u00e1dio, enquanto era solicitado pelos adeptos para tirar algumas fotografias, Szczesny foi questionado sobre a forma como iria festejar a conquista da Superta\u00e7a e atirou em jeito de brincadeira: \u00abJ\u00e1 o sabes\u00bb.<\/p>\n","protected":false},"excerpt":{"rendered":"Lamine Yamal filmou um pouco dos bastidores da festa do Barcelona, ap\u00f3s conquistar a Superta\u00e7a da Espanha, e&hellip;\n","protected":false},"author":2,"featured_media":226136,"comment_status":"","ping_status":"","sticky":false,"template":"","format":"standard","meta":{"footnotes":""},"categories":[87],"tags":[43525,1235,135,640,6831,7912,46,32,33,47,134,43524],"class_list":{"0":"post-226135","1":"post","2":"type-post","3":"status-publish","4":"format-standard","5":"has-post-thumbnail","7":"category-desporto","8":"tag-balneario","9":"tag-barcelona","10":"tag-desporto","11":"tag-espanha","12":"tag-festa","13":"tag-lamine-yamal","14":"tag-maisfutebol","15":"tag-portugal","16":"tag-pt","17":"tag-pura-paixao","18":"tag-sports","19":"tag-supertaca-de-espanha"},"share_on_mastodon":{"url":"https:\/\/pubeurope.com\/@pt\/115882541476526301","error":""},"_links":{"self":[{"href":"https:\/\/www.europesays.com\/pt\/wp-json\/wp\/v2\/posts\/226135","targetHints":{"allow":["GET"]}}],"collection":[{"href":"https:\/\/www.europesays.com\/pt\/wp-json\/wp\/v2\/posts"}],"about":[{"href":"https:\/\/www.europesays.com\/pt\/wp-json\/wp\/v2\/types\/post"}],"author":[{"embeddable":true,"href":"https:\/\/www.europesays.com\/pt\/wp-json\/wp\/v2\/users\/2"}],"replies":[{"embeddable":true,"href":"https:\/\/www.europesays.com\/pt\/wp-json\/wp\/v2\/comments?post=226135"}],"version-history":[{"count":0,"href":"https:\/\/www.europesays.com\/pt\/wp-json\/wp\/v2\/posts\/226135\/revisions"}],"wp:featuredmedia":[{"embeddable":true,"href":"https:\/\/www.europesays.com\/pt\/wp-json\/wp\/v2\/media\/226136"}],"wp:attachment":[{"href":"https:\/\/www.europesays.com\/pt\/wp-json\/wp\/v2\/media?parent=226135"}],"wp:term":[{"taxonomy":"category","embeddable":true,"href":"https:\/\/www.europesays.com\/pt\/wp-json\/wp\/v2\/categories?post=226135"},{"taxonomy":"post_tag","embeddable":true,"href":"https:\/\/www.europesays.com\/pt\/wp-json\/wp\/v2\/tags?post=226135"}],"curies":[{"name":"wp","href":"https:\/\/api.w.org\/{rel}","templated":true}]}}