{"id":226137,"date":"2026-01-12T14:13:23","date_gmt":"2026-01-12T14:13:23","guid":{"rendered":"https:\/\/www.europesays.com\/pt\/226137\/"},"modified":"2026-01-12T14:13:23","modified_gmt":"2026-01-12T14:13:23","slug":"sao-jose-dos-campos-encerra-2025-com-queda-de-mais-de-94-nos-casos-de-dengue","status":"publish","type":"post","link":"https:\/\/www.europesays.com\/pt\/226137\/","title":{"rendered":"S\u00e3o Jos\u00e9 dos Campos encerra 2025 com queda de mais de 94% nos casos de dengue"},"content":{"rendered":"<p class=\"portus-main-article-intro\">Dados estaduais apontam forte redu\u00e7\u00e3o tamb\u00e9m no n\u00famero de mortes causadas pela doen\u00e7a na cidade.<\/p>\n<p>\t\t\t\t\t\t\t\t\t\t\t&#13;<br \/>\n\t\t\t\t\t\t\t\t\t\t\t\t<a class=\"item-meta-i\">reda\u00e7\u00e3o<\/a>&#13;<br \/>\n\t\t\t\t\t\t\t\t\t\t\t\t<a class=\"item-meta-i\">12 Jan 2026 \u00e0s 10h01<\/a>&#13;<br \/>\n\t\t\t\t\t\t\t\t\t\t\t\t<a class=\"item-meta-i\"> divulga\u00e7\u00e3o<\/a>&#13;<br \/>\n\t\t\t\t\t\t\t\t\t\t\t\t<a href=\"https:\/\/agoravale.com.br\/noticias\/saude\" rel=\"nofollow noopener\" target=\"_blank\">Sa\u00fade<\/a>&#13;<br \/>\n                                                <a href=\"#QuadroComentario\" data-action=\"scrollTop\" class=\"item-meta-i\"> Comentarios<\/a>&#13;<\/p>\n<p data-start=\"281\" data-end=\"503\">A <strong data-start=\"283\" data-end=\"324\">S\u00e3o Jos\u00e9 dos Campos<\/strong> encerrou <strong data-start=\"334\" data-end=\"342\">2025<\/strong> com uma queda expressiva no n\u00famero de <strong data-start=\"381\" data-end=\"400\">casos de dengue<\/strong>. De acordo com dados do governo estadual, a redu\u00e7\u00e3o foi de <strong data-start=\"460\" data-end=\"469\">94,3%<\/strong> em compara\u00e7\u00e3o com o ano anterior.<\/p>\n<p data-start=\"281\" data-end=\"503\"><a href=\"https:\/\/www.europesays.com\/pt\/wp-content\/uploads\/2026\/01\/sao-jose-dos-campos-encerra-2025-com-queda-de-mais-de-94-nos-casos-de-dengue.jpg\" class=\"lightbox-photo \" title=\"\"><img decoding=\"async\" class=\"ImgTotal\" src=\"https:\/\/www.europesays.com\/pt\/wp-content\/uploads\/2026\/01\/sao-jose-dos-campos-encerra-2025-com-queda-de-mais-de-94-nos-casos-de-dengue.jpg\" alt=\"\"\/><\/a><\/p>\n<p data-start=\"505\" data-end=\"750\">Segundo n\u00fameros da <strong data-start=\"524\" data-end=\"565\">Secretaria de Estado da Sa\u00fade<\/strong>, a maior cidade do <strong data-start=\"585\" data-end=\"604\">Vale do Para\u00edba<\/strong> fechou <strong data-start=\"612\" data-end=\"620\">2024<\/strong> com um total de <strong data-start=\"637\" data-end=\"665\">98.163 casos confirmados<\/strong> da doen\u00e7a, o que representou uma m\u00e9dia de aproximadamente <strong data-start=\"724\" data-end=\"749\">8,2 mil casos por m\u00eas<\/strong>.<\/p>\n<p data-start=\"752\" data-end=\"918\">J\u00e1 em <strong data-start=\"758\" data-end=\"766\">2025<\/strong>, entre os meses de janeiro e dezembro, foram contabilizados <strong data-start=\"827\" data-end=\"842\">5.529 casos<\/strong>, n\u00famero inferior \u00e0 m\u00e9dia registrada em apenas um \u00fanico m\u00eas do ano anterior.<\/p>\n<p data-start=\"920\" data-end=\"1122\">A queda tamb\u00e9m foi registrada no n\u00famero de <strong data-start=\"963\" data-end=\"984\">mortes por dengue<\/strong>. De acordo com o painel estadual, os \u00f3bitos passaram de <strong data-start=\"1041\" data-end=\"1056\">116 em 2024<\/strong> para <strong data-start=\"1062\" data-end=\"1075\">6 em 2025<\/strong>, o que representa uma diminui\u00e7\u00e3o de <strong data-start=\"1112\" data-end=\"1121\">94,8%<\/strong>.<\/p>\n<p>                \t\t\t\t\t\t\t\t<a onclick=\"Computa('')\" href=\"\" target=\"_blank\" rel=\"dofollow\" alt=\"\"><img decoding=\"async\" src=\"https:\/\/agoravale.com.br\/GCWAV\/Banners\/\" title=\"Click e Veja Mais\" alt=\"\" style=\"width: 100%;border: 1px solid rgba(0, 0, 0, 0.08);\"\/><\/a><\/p>\n<p>                \t\t\t\t\t\t\t\t<a onclick=\"Computa(&#039;1349&#039;)\" href=\"https:\/\/agoravalefm.com.br\/\" target=\"_blank\" rel=\"dofollow noopener\" alt=\"\"><img decoding=\"async\" src=\"https:\/\/www.europesays.com\/pt\/wp-content\/uploads\/2026\/01\/0105-2022-0253-12.jpg\" title=\"Click e Veja Mais\" alt=\"\" style=\"width: 100%;border: 1px solid rgba(0, 0, 0, 0.08);\"\/><\/a>              \t\t\t\t\t\t\t\t<\/p>\n","protected":false},"excerpt":{"rendered":"Dados estaduais apontam forte redu\u00e7\u00e3o tamb\u00e9m no n\u00famero de mortes causadas pela doen\u00e7a na cidade. &#13; reda\u00e7\u00e3o&#13; 12&hellip;\n","protected":false},"author":2,"featured_media":226138,"comment_status":"","ping_status":"","sticky":false,"template":"","format":"standard","meta":{"footnotes":""},"categories":[86],"tags":[116,32,33,117],"class_list":{"0":"post-226137","1":"post","2":"type-post","3":"status-publish","4":"format-standard","5":"has-post-thumbnail","7":"category-saude","8":"tag-health","9":"tag-portugal","10":"tag-pt","11":"tag-saude"},"share_on_mastodon":{"url":"https:\/\/pubeurope.com\/@pt\/115882544561083194","error":""},"_links":{"self":[{"href":"https:\/\/www.europesays.com\/pt\/wp-json\/wp\/v2\/posts\/226137","targetHints":{"allow":["GET"]}}],"collection":[{"href":"https:\/\/www.europesays.com\/pt\/wp-json\/wp\/v2\/posts"}],"about":[{"href":"https:\/\/www.europesays.com\/pt\/wp-json\/wp\/v2\/types\/post"}],"author":[{"embeddable":true,"href":"https:\/\/www.europesays.com\/pt\/wp-json\/wp\/v2\/users\/2"}],"replies":[{"embeddable":true,"href":"https:\/\/www.europesays.com\/pt\/wp-json\/wp\/v2\/comments?post=226137"}],"version-history":[{"count":0,"href":"https:\/\/www.europesays.com\/pt\/wp-json\/wp\/v2\/posts\/226137\/revisions"}],"wp:featuredmedia":[{"embeddable":true,"href":"https:\/\/www.europesays.com\/pt\/wp-json\/wp\/v2\/media\/226138"}],"wp:attachment":[{"href":"https:\/\/www.europesays.com\/pt\/wp-json\/wp\/v2\/media?parent=226137"}],"wp:term":[{"taxonomy":"category","embeddable":true,"href":"https:\/\/www.europesays.com\/pt\/wp-json\/wp\/v2\/categories?post=226137"},{"taxonomy":"post_tag","embeddable":true,"href":"https:\/\/www.europesays.com\/pt\/wp-json\/wp\/v2\/tags?post=226137"}],"curies":[{"name":"wp","href":"https:\/\/api.w.org\/{rel}","templated":true}]}}