{"id":22615,"date":"2025-08-09T17:04:14","date_gmt":"2025-08-09T17:04:14","guid":{"rendered":"https:\/\/www.europesays.com\/pt\/22615\/"},"modified":"2025-08-09T17:04:14","modified_gmt":"2025-08-09T17:04:14","slug":"gabriela-duarte-diz-ter-sido-desconvidada-de-novela-da-globo-daniel-nascimento","status":"publish","type":"post","link":"https:\/\/www.europesays.com\/pt\/22615\/","title":{"rendered":"Gabriela Duarte diz ter sido desconvidada de novela da Globo | Daniel Nascimento"},"content":{"rendered":"<p>                                        Gabriela Duarte &#8211; Reprodu\u00e7\u00e3o\/Youtube<\/p>\n<p class=\"content-media__description\">Gabriela DuarteReprodu\u00e7\u00e3o\/Youtube<\/p>\n<p>                                                        Publicado 09\/08\/2025 12:35 | Atualizado 09\/08\/2025 12:37\n                    <\/p>\n<p>A atriz Gabriela Duarte tem um curr\u00edculo de sucesso na TV Globo, mas recentemente revelou j\u00e1 ter sido desconvidada de um folhetim. A filha de Regina Duarte falou sobre o assunto em entrevista ao podcast Cortadas do Firmino, onde revelou que a situa\u00e7\u00e3o aconteceu pouco antes de ser chamada para protagonizar um sucesso dos anos 90, o folhetim &#8220;Por Amor&#8221;.<\/p>\n<p>A artista revelou que, inicialmente, adorou a ideia da personagem, tendo em vista que era um papel diferente. \u201cEstava morando fora, estudando teatro e me chamaram para fazer uma novela. Fiquei toda animada e voltei animad\u00edssima. E a\u00ed, me desconvidaram. Era A Indomada. Eu ia fazer a Grampola. Era um papel que eu adorei. Poxa, ela era uma prostituta. Para mim, era um super desafio. Eu adorei, mas a\u00ed me desconvidaram\u201d, contou.<\/p>\n<p>Gabriela acabou sendo substitu\u00edda pela atriz Karla Muga e ainda teria passado um tempo questionando o motivo. \u201cEu fiquei arrasada, n\u00e3o entendi o porqu\u00ea. Me deixaram ali encostada durante quase um m\u00eas, e eu remoendo aquilo. Com 19, 20 anos, voc\u00ea fica p\u00e9ssimo, acaba o mundo para voc\u00ea\u201d, lembrou.<\/p>\n<p>No entanto, ela entendeu o que aconteceu pouco tempo depois, quando recebeu o convite para protagonizar o folhetim que causou burburinhos por todo o pa\u00eds. \u201cDa\u00ed a pouco, me vieram com essa proposta de Por Amor. Foi por isso que n\u00e3o me colocaram naquela novela\u201d, contou a artista.<\/p>\n<p>&#13;<br \/>\n&#13;<\/p>\n","protected":false},"excerpt":{"rendered":"Gabriela Duarte &#8211; Reprodu\u00e7\u00e3o\/Youtube Gabriela DuarteReprodu\u00e7\u00e3o\/Youtube Publicado 09\/08\/2025 12:35 | Atualizado 09\/08\/2025 12:37 A atriz Gabriela Duarte tem&hellip;\n","protected":false},"author":2,"featured_media":22616,"comment_status":"","ping_status":"","sticky":false,"template":"","format":"standard","meta":{"footnotes":""},"categories":[145],"tags":[8068,211,210,8069,114,115,7520,753,2931,7519,32,33,8067],"class_list":{"0":"post-22615","1":"post","2":"type-post","3":"status-publish","4":"format-standard","5":"has-post-thumbnail","7":"category-celebridades","8":"tag-a-indomada","9":"tag-celebridades","10":"tag-celebrities","11":"tag-desconvite","12":"tag-entertainment","13":"tag-entretenimento","14":"tag-gabriela-duarte","15":"tag-globo","16":"tag-novela","17":"tag-por-amor","18":"tag-portugal","19":"tag-pt","20":"tag-regina-duarte"},"share_on_mastodon":{"url":"","error":""},"_links":{"self":[{"href":"https:\/\/www.europesays.com\/pt\/wp-json\/wp\/v2\/posts\/22615","targetHints":{"allow":["GET"]}}],"collection":[{"href":"https:\/\/www.europesays.com\/pt\/wp-json\/wp\/v2\/posts"}],"about":[{"href":"https:\/\/www.europesays.com\/pt\/wp-json\/wp\/v2\/types\/post"}],"author":[{"embeddable":true,"href":"https:\/\/www.europesays.com\/pt\/wp-json\/wp\/v2\/users\/2"}],"replies":[{"embeddable":true,"href":"https:\/\/www.europesays.com\/pt\/wp-json\/wp\/v2\/comments?post=22615"}],"version-history":[{"count":0,"href":"https:\/\/www.europesays.com\/pt\/wp-json\/wp\/v2\/posts\/22615\/revisions"}],"wp:featuredmedia":[{"embeddable":true,"href":"https:\/\/www.europesays.com\/pt\/wp-json\/wp\/v2\/media\/22616"}],"wp:attachment":[{"href":"https:\/\/www.europesays.com\/pt\/wp-json\/wp\/v2\/media?parent=22615"}],"wp:term":[{"taxonomy":"category","embeddable":true,"href":"https:\/\/www.europesays.com\/pt\/wp-json\/wp\/v2\/categories?post=22615"},{"taxonomy":"post_tag","embeddable":true,"href":"https:\/\/www.europesays.com\/pt\/wp-json\/wp\/v2\/tags?post=22615"}],"curies":[{"name":"wp","href":"https:\/\/api.w.org\/{rel}","templated":true}]}}