{"id":226159,"date":"2026-01-12T14:27:07","date_gmt":"2026-01-12T14:27:07","guid":{"rendered":"https:\/\/www.europesays.com\/pt\/226159\/"},"modified":"2026-01-12T14:27:07","modified_gmt":"2026-01-12T14:27:07","slug":"obitos-caem-quase-um-terco-em-2025","status":"publish","type":"post","link":"https:\/\/www.europesays.com\/pt\/226159\/","title":{"rendered":"\u00f3bitos caem quase um ter\u00e7o em 2025"},"content":{"rendered":"\n<p>Mato Grosso registrou 22 mortes por dengue em 2025 e 35.622 casos da doen\u00e7a ao longo do ano. O n\u00famero de \u00f3bitos representa uma queda de 31,25% em rela\u00e7\u00e3o a 2024, quando foram contabilizadas 32 mortes causadas pela enfermidade no estado.<\/p>\n<p>No total de casos, a redu\u00e7\u00e3o foi de 17,09% na compara\u00e7\u00e3o entre os dois anos. Os dados indicam uma desacelera\u00e7\u00e3o significativa da dengue em Mato Grosso, tanto na incid\u00eancia quanto na letalidade, conforme o Painel de Arboviroses do Minist\u00e9rio da Sa\u00fade.<\/p>\n<p> <img fetchpriority=\"high\" decoding=\"async\" width=\"1200\" height=\"800\" src=\"https:\/\/www.europesays.com\/pt\/wp-content\/uploads\/2026\/01\/mosquito-da-dengue-.jpg\" alt=\"Chikungunya perde for\u00e7a, mas Mato Grosso ainda preocupa pelas mortes.\" class=\"wp-image-614667\"  \/>\u00d3bitos por dengue recuam fortemente em Mato Grosso. \u2013 Foto: Reprodu\u00e7\u00e3o. <\/p>\n<p>Na pr\u00e1tica, isso significa 7.340 casos a menos e 10 mortes evitadas em apenas um ano, segundo o comparativo oficial.<\/p>\n<p>A redu\u00e7\u00e3o ocorre ap\u00f3s um per\u00edodo cr\u00edtico vivido em 2024, quando a dengue avan\u00e7ou com for\u00e7a em diversas regi\u00f5es, impulsionada por fatores como temperaturas elevadas, chuvas irregulares e aumento de criadouros do mosquito Aedes aegypti.<\/p>\n<p> <img loading=\"lazy\" decoding=\"async\" width=\"1200\" height=\"800\" src=\"https:\/\/www.europesays.com\/pt\/wp-content\/uploads\/2026\/01\/Design-sem-nome-2026-01-12T093855.872.jpg\" alt=\"Design sem nome 2026 01 12T093855.872\" class=\"wp-image-756082\"  \/> <\/p>\n<p>O <a href=\"https:\/\/www.gov.br\/saude\/pt-br\" target=\"_blank\" rel=\"noopener nofollow\">Minist\u00e9rio da Sa\u00fade <\/a>refor\u00e7a que a elimina\u00e7\u00e3o de focos de \u00e1gua parada, o uso de repelentes, a prote\u00e7\u00e3o de caixas d\u2019\u00e1gua e calhas, al\u00e9m da busca por atendimento m\u00e9dico diante dos primeiros sintomas, seguem sendo as principais formas de conter a doen\u00e7a.<\/p>\n<p><strong>Leia tamb\u00e9m \u2013 <a href=\"https:\/\/primeirapagina.com.br\/saude\/mesmo-em-predios-risco-de-dengue-cresce-com-aumento-de-chuvas-em-cuiaba\/\" rel=\"nofollow noopener\" target=\"_blank\">Mesmo em pr\u00e9dios, risco de dengue cresce com aumento de chuvas em Cuiab\u00e1<\/a><\/strong><\/p>\n<p>O painel de arboviroses \u00e9 atualizado periodicamente e serve como base para orientar pol\u00edticas p\u00fablicas, a\u00e7\u00f5es municipais e estrat\u00e9gias de preven\u00e7\u00e3o em todo o pa\u00eds.<\/p>\n<p>  Dengue: 10 dicas pr\u00e1ticas para evitar criadouros do Aedes <\/p>\n<p class=\"dng-sub-k7p3\">A\u00e7\u00f5es simples dentro e fora de casa ajudam a cortar a reprodu\u00e7\u00e3o do mosquito.<\/p>\n<p>             Mantenha a limpeza <\/p>\n<p class=\"dng-p-k7p3\">Quintal e casa sem lixo, entulho e objetos em desuso reduzem pontos de \u00e1gua parada.<\/p>\n<p class=\"dng-tip-k7p3\"><strong>Fa\u00e7a agora:<\/strong> descarte garrafas, potes e qualquer item que possa juntar \u00e1gua.<\/p>\n<p>             Cubra recipientes de \u00e1gua <\/p>\n<p class=\"dng-p-k7p3\">Tanques, caixas d\u2019\u00e1gua e cisternas devem ficar sempre bem tampados.<\/p>\n<p class=\"dng-tip-k7p3\"><strong>Cheque:<\/strong> tampa firme, sem frestas e sem ac\u00famulo de \u00e1gua por cima.<\/p>\n<p>            Elimine locais de reprodu\u00e7\u00e3o <\/p>\n<p class=\"dng-p-k7p3\">O Aedes p\u00f5e ovos em \u00e1gua parada: elimine qualquer recipiente que acumule \u00e1gua.<\/p>\n<p class=\"dng-tip-k7p3\"><strong>Priorize:<\/strong> vasos, pneus, latas, garrafas e recipientes pl\u00e1sticos.<\/p>\n<p>              Limpe ralos e calhas <\/p>\n<p class=\"dng-p-k7p3\">Desobstrua para a \u00e1gua escoar livremente e n\u00e3o ficar acumulada.<\/p>\n<p class=\"dng-tip-k7p3\"><strong>Rotina:<\/strong> retire folhas, barro e lixo ap\u00f3s chuvas fortes.<\/p>\n<p>              Elimine criadouros comunit\u00e1rios <\/p>\n<p class=\"dng-p-k7p3\">\u00c1reas p\u00fablicas tamb\u00e9m viram foco: participe de mutir\u00f5es e a\u00e7\u00f5es de orienta\u00e7\u00e3o.<\/p>\n<p class=\"dng-tip-k7p3\"><strong>Ajude:<\/strong> denuncie pontos com ac\u00famulo de \u00e1gua e lixo na vizinhan\u00e7a.<\/p>\n<p>            Fique atento aos sintomas <\/p>\n<p class=\"dng-p-k7p3\">Febre alta, dores no corpo, manchas vermelhas, dor nas articula\u00e7\u00f5es e olhos vermelhos.<\/p>\n<p class=\"dng-tip-k7p3\"><strong>Procure atendimento:<\/strong> se os sintomas surgirem, busque avalia\u00e7\u00e3o m\u00e9dica.<\/p>\n<p>              Use repelente <\/p>\n<p class=\"dng-p-k7p3\">Aplique na pele exposta, principalmente em \u00e1reas com presen\u00e7a do mosquito.<\/p>\n<p class=\"dng-tip-k7p3\"><strong>Dica:<\/strong> siga as orienta\u00e7\u00f5es do r\u00f3tulo para reaplica\u00e7\u00e3o.<\/p>\n<p>           Use roupas adequadas <\/p>\n<p class=\"dng-p-k7p3\">Manga longa e cal\u00e7a comprida ajudam a reduzir a exposi\u00e7\u00e3o da pele \u00e0s picadas.<\/p>\n<p class=\"dng-tip-k7p3\"><strong>Quando usar:<\/strong> em locais com vegeta\u00e7\u00e3o e no amanhecer\/entardecer.<\/p>\n<p>            Instale telas <\/p>\n<p class=\"dng-p-k7p3\">Telas em janelas e portas dificultam a entrada de mosquitos dentro de casa.<\/p>\n<p class=\"dng-tip-k7p3\"><strong>Verifique:<\/strong> se h\u00e1 rasgos ou frestas ao redor da instala\u00e7\u00e3o.<\/p>\n<p>            Evite hor\u00e1rios de pico <\/p>\n<p class=\"dng-p-k7p3\">O mosquito \u00e9 mais ativo no amanhecer e no entardecer; reduza exposi\u00e7\u00e3o ao ar livre.<\/p>\n<p class=\"dng-tip-k7p3\"><strong>Se precisar sair:<\/strong> combine roupas adequadas + repelente.<\/p>\n<ol class=\"read-more__list\">\n<li> <a href=\"https:\/\/primeirapagina.com.br\/saude\/cuiaba-registra-queda-de-255-nos-casos-de-dengue\/\" rel=\"nofollow noopener\" target=\"_blank\">\n<p> Cuiab\u00e1 registra queda de 25,5% nos casos de dengue <\/p>\n<p> <\/a> <\/li>\n<li> <a href=\"https:\/\/primeirapagina.com.br\/saude\/pesquisa-da-ufmt-contribui-para-vacina-contra-dengue-aprovada-pela-anvisa\/\" rel=\"nofollow noopener\" target=\"_blank\">\n<p> Pesquisa da UFMT contribui para vacina contra dengue aprovada pela Anvisa <\/p>\n<p> <\/a> <\/li>\n<li> <a href=\"https:\/\/primeirapagina.com.br\/saude\/anvisa-aprova-primeira-vacina-contra-dengue-produzida-no-brasil\/\" rel=\"nofollow noopener\" target=\"_blank\">\n<p> Anvisa aprova primeira vacina contra dengue produzida no Brasil <\/p>\n<p> <\/a> <\/li>\n<\/ol>\n","protected":false},"excerpt":{"rendered":"Mato Grosso registrou 22 mortes por dengue em 2025 e 35.622 casos da doen\u00e7a ao longo do ano.&hellip;\n","protected":false},"author":2,"featured_media":226160,"comment_status":"","ping_status":"","sticky":false,"template":"","format":"standard","meta":{"footnotes":""},"categories":[86],"tags":[116,32,33,117],"class_list":{"0":"post-226159","1":"post","2":"type-post","3":"status-publish","4":"format-standard","5":"has-post-thumbnail","7":"category-saude","8":"tag-health","9":"tag-portugal","10":"tag-pt","11":"tag-saude"},"share_on_mastodon":{"url":"https:\/\/pubeurope.com\/@pt\/115882599583533211","error":""},"_links":{"self":[{"href":"https:\/\/www.europesays.com\/pt\/wp-json\/wp\/v2\/posts\/226159","targetHints":{"allow":["GET"]}}],"collection":[{"href":"https:\/\/www.europesays.com\/pt\/wp-json\/wp\/v2\/posts"}],"about":[{"href":"https:\/\/www.europesays.com\/pt\/wp-json\/wp\/v2\/types\/post"}],"author":[{"embeddable":true,"href":"https:\/\/www.europesays.com\/pt\/wp-json\/wp\/v2\/users\/2"}],"replies":[{"embeddable":true,"href":"https:\/\/www.europesays.com\/pt\/wp-json\/wp\/v2\/comments?post=226159"}],"version-history":[{"count":0,"href":"https:\/\/www.europesays.com\/pt\/wp-json\/wp\/v2\/posts\/226159\/revisions"}],"wp:featuredmedia":[{"embeddable":true,"href":"https:\/\/www.europesays.com\/pt\/wp-json\/wp\/v2\/media\/226160"}],"wp:attachment":[{"href":"https:\/\/www.europesays.com\/pt\/wp-json\/wp\/v2\/media?parent=226159"}],"wp:term":[{"taxonomy":"category","embeddable":true,"href":"https:\/\/www.europesays.com\/pt\/wp-json\/wp\/v2\/categories?post=226159"},{"taxonomy":"post_tag","embeddable":true,"href":"https:\/\/www.europesays.com\/pt\/wp-json\/wp\/v2\/tags?post=226159"}],"curies":[{"name":"wp","href":"https:\/\/api.w.org\/{rel}","templated":true}]}}