{"id":226163,"date":"2026-01-12T14:30:08","date_gmt":"2026-01-12T14:30:08","guid":{"rendered":"https:\/\/www.europesays.com\/pt\/226163\/"},"modified":"2026-01-12T14:30:08","modified_gmt":"2026-01-12T14:30:08","slug":"circulo-obscuro-de-elites-de-media-europeus-censura-internet","status":"publish","type":"post","link":"https:\/\/www.europesays.com\/pt\/226163\/","title":{"rendered":"&#8220;c\u00edrculo obscuro de elites de media europeus&#8221; censura Internet"},"content":{"rendered":"<p>A tens\u00e3o entre a Cloudflare e a ag\u00eancia reguladora de comunica\u00e7\u00f5es de It\u00e1lia est\u00e1 a aumentar. A gigante global de infraestruturas de Internet amea\u00e7a desligar os seus servidores no pa\u00eds e acusa um \u201cc\u00edrculo obscuro de elites de media europeus\u201d de censurar a Internet e IPTV.<\/p>\n<p><a target=\"_blank\" href=\"https:\/\/pplware.sapo.pt\/wp-content\/uploads\/2025\/06\/cloudflare_iptv_europa_1.jpg\" onclick=\"refreshIframe()\" class=\"foobox\" rel=\"nofollow noopener\"><img fetchpriority=\"high\" decoding=\"async\" src=\"https:\/\/www.europesays.com\/pt\/wp-content\/uploads\/2026\/01\/cloudflare_iptv_europa_1-1024x576.jpg\" alt=\"Cloudflare Internet iPTV censura\" width=\"720\" height=\"405\" class=\"aligncenter size-large wp-image-1062366\"  \/><\/a>\n<\/p>\n<p>Declara\u00e7\u00f5es acusat\u00f3rias do CEO da Cloudflare<\/p>\n<p>Desde 2024 que a Internet italiana opera sob o Escudo Antipirataria, um conjunto de regulamentos criado para combater o IPTV ilegal e as transmiss\u00f5es piratas de eventos desportivos. A legisla\u00e7\u00e3o permite que os titulares de direitos solicitem o bloqueio de nomes de dom\u00ednio e endere\u00e7os IP. Os ISPs, bem como os fornecedores de VPN e os servidores DNS p\u00fablicos, s\u00e3o obrigados a bloquear os sites em causa no prazo de 30 minutos.<\/p>\n<p>A Cloudflare est\u00e1, portanto, na linha da frente, uma vez que o seu DNS 1.1.1.1 est\u00e1 entre os servi\u00e7os explicitamente visados \u200b\u200bpelo Escudo Antipirataria, mesmo que n\u00e3o distribua nenhum conte\u00fado e simplesmente resolva nomes de dom\u00ednio.<\/p>\n<blockquote class=\"tw-align-center twitter-tweet\">\n<p lang=\"en\" dir=\"ltr\">Yesterday a quasi-judicial body in Italy fined <a target=\"_blank\" href=\"https:\/\/twitter.com\/Cloudflare?ref_src=twsrc%5Etfw\" rel=\"nofollow noopener\">@Cloudflare<\/a> $17 million for failing to go along with their scheme to censor the Internet. The scheme, which even the EU has called concerning, required us within a mere 30 minutes of notification to fully censor from the Internet any\u2026 <a target=\"_blank\" href=\"https:\/\/t.co\/qZf9UKEAY5\" rel=\"nofollow\">pic.twitter.com\/qZf9UKEAY5<\/a><\/p>\n<p>\u2014 Matthew Prince \ud83c\udf25 (@eastdakota) <a target=\"_blank\" href=\"https:\/\/twitter.com\/eastdakota\/status\/2009654937303896492?ref_src=twsrc%5Etfw\" rel=\"nofollow noopener\">January 9, 2026<\/a><\/p>\n<\/blockquote>\n<p>&#8220;C\u00edrculo obscuro de elites de media europeus&#8221; censura Internet<\/p>\n<p>A Cloudflare foi multada em 14,2 milh\u00f5es de euros ap\u00f3s ter recusado bloquear o acesso a sites de pirataria no seu DNS. J\u00e1 a AGCOM, o regulador italiano das comunica\u00e7\u00f5es, explica que a empresa estava obrigada a desativar o DNS e a impedir que o tr\u00e1fego fosse encaminhado para endere\u00e7os IP. O Piracy Shield prev\u00ea coimas at\u00e9 2% da receita anual, uma penaliza\u00e7\u00e3o que neste caso corresponde a 1% da receita da Cloudflare.<\/p>\n<p>A empresa alega que a instala\u00e7\u00e3o de filtros para aproximadamente 200 mil milh\u00f5es de pedidos por dia aumentaria a lat\u00eancia e afetaria o DNS de sites n\u00e3o relacionados com pirataria. A AGCOM rejeita este argumento, afirmando que o bloqueio n\u00e3o representa nenhum risco para sites leg\u00edtimos. No entanto, o Piracy Shield privou milh\u00f5es de utilizadores italianos ao acesso ao Google Drive durante tr\u00eas horas em outubro de 2024.<\/p>\n<blockquote class=\"tw-align-center twitter-tweet\">\n<p lang=\"en\" dir=\"ltr\">More of how crazy this is: the order fining us notes that Cloudflare had just under $8 million in Italy-based revenue in 2024. But the scheme allows \u201cup to 2% of GLOBAL REVENUE\u201d for damages. Using global revenue is further example of the extra-judicial overreach. <a target=\"_blank\" href=\"https:\/\/twitter.com\/hashtag\/absurd?src=hash&amp;ref_src=twsrc%5Etfw\" rel=\"nofollow noopener\">#absurd<\/a><\/p>\n<p>\u2014 Matthew Prince \ud83c\udf25 (@eastdakota) <a target=\"_blank\" href=\"https:\/\/twitter.com\/eastdakota\/status\/2009683321555714374?ref_src=twsrc%5Etfw\" rel=\"nofollow noopener\">January 9, 2026<\/a><\/p>\n<\/blockquote>\n<p>Problema est\u00e1 no acesso \u00e0 IPTV ilegal<\/p>\n<p>Matthew Prince, cofundador e CEO da Cloudflare, ficou furioso. Numa mensagem publicada nas redes sociais, acusou um \u201cc\u00edrculo obscuro de elites dos media europeus\u201d de censurar qualquer site \u201ccontr\u00e1rio aos seus interesses\u201d, sem supervis\u00e3o judicial, processo legal, transpar\u00eancia ou possibilidade de recurso. \u201cE esta censura n\u00e3o se limita \u00e0 It\u00e1lia, mas \u00e9 aplicada globalmente\u201d. Por outras palavras, a It\u00e1lia exige que um grupo obscuro de empresas de comunica\u00e7\u00e3o social europeias decida o que \u00e9 ou n\u00e3o permitido.<\/p>\n<p>Como todos os l\u00edderes empresariais americanos que t\u00eam problemas com a Europa, o chefe da Cloudflare vai queixar-se \u00e0 administra\u00e7\u00e3o Trump. Amea\u00e7a terminar os servi\u00e7os que a empresa presta gratuitamente para garantir a seguran\u00e7a dos Jogos Ol\u00edmpicos de inverno de Mil\u00e3o e Cortina d&#8217;Ampezzo e, sobretudo, suspender os servidores ali localizados. Este caso pode ter repercuss\u00f5es em toda a Europa onde se intensificou a luta contra a IPTV ilegal.<\/p>\n<p>\t\t\t\t\t\t<script async src=\"https:\/\/platform.twitter.com\/widgets.js\" charset=\"utf-8\"><\/script><\/p>\n","protected":false},"excerpt":{"rendered":"A tens\u00e3o entre a Cloudflare e a ag\u00eancia reguladora de comunica\u00e7\u00f5es de It\u00e1lia est\u00e1 a aumentar. A gigante&hellip;\n","protected":false},"author":2,"featured_media":226164,"comment_status":"","ping_status":"","sticky":false,"template":"","format":"standard","meta":{"footnotes":""},"categories":[83],"tags":[88,2766,43529,89,90,549,844,32,33],"class_list":{"0":"post-226163","1":"post","2":"type-post","3":"status-publish","4":"format-standard","5":"has-post-thumbnail","7":"category-empresas","8":"tag-business","9":"tag-censura","10":"tag-cloudflare","11":"tag-economy","12":"tag-empresas","13":"tag-internet","14":"tag-iptv","15":"tag-portugal","16":"tag-pt"},"share_on_mastodon":{"url":"https:\/\/pubeurope.com\/@pt\/115882611474641580","error":""},"_links":{"self":[{"href":"https:\/\/www.europesays.com\/pt\/wp-json\/wp\/v2\/posts\/226163","targetHints":{"allow":["GET"]}}],"collection":[{"href":"https:\/\/www.europesays.com\/pt\/wp-json\/wp\/v2\/posts"}],"about":[{"href":"https:\/\/www.europesays.com\/pt\/wp-json\/wp\/v2\/types\/post"}],"author":[{"embeddable":true,"href":"https:\/\/www.europesays.com\/pt\/wp-json\/wp\/v2\/users\/2"}],"replies":[{"embeddable":true,"href":"https:\/\/www.europesays.com\/pt\/wp-json\/wp\/v2\/comments?post=226163"}],"version-history":[{"count":0,"href":"https:\/\/www.europesays.com\/pt\/wp-json\/wp\/v2\/posts\/226163\/revisions"}],"wp:featuredmedia":[{"embeddable":true,"href":"https:\/\/www.europesays.com\/pt\/wp-json\/wp\/v2\/media\/226164"}],"wp:attachment":[{"href":"https:\/\/www.europesays.com\/pt\/wp-json\/wp\/v2\/media?parent=226163"}],"wp:term":[{"taxonomy":"category","embeddable":true,"href":"https:\/\/www.europesays.com\/pt\/wp-json\/wp\/v2\/categories?post=226163"},{"taxonomy":"post_tag","embeddable":true,"href":"https:\/\/www.europesays.com\/pt\/wp-json\/wp\/v2\/tags?post=226163"}],"curies":[{"name":"wp","href":"https:\/\/api.w.org\/{rel}","templated":true}]}}