{"id":226165,"date":"2026-01-12T14:31:20","date_gmt":"2026-01-12T14:31:20","guid":{"rendered":"https:\/\/www.europesays.com\/pt\/226165\/"},"modified":"2026-01-12T14:31:20","modified_gmt":"2026-01-12T14:31:20","slug":"pj-lanca-campanha-inedita-contra-a-radicalizacao-online-de-jovens-diario-de-noticias","status":"publish","type":"post","link":"https:\/\/www.europesays.com\/pt\/226165\/","title":{"rendered":"PJ lan\u00e7a campanha in\u00e9dita contra a radicaliza\u00e7\u00e3o online de jovens &#8211; Di\u00e1rio de Not\u00edcias"},"content":{"rendered":"<ol>\n<li><a href=\"https:\/\/news.google.com\/rss\/articles\/CBMikwFBVV95cUxQQzdyWUwxQnRsRG9EdEhoV1RTbmEtT1Zjbm4zTExWX0l1WW5KazNHNjhHNnJWZkE3SVlOWDZ6OUJ4VXBpdEJTQXpCUDJacl95bXRvOWZBQmxKTVJqOVZXUFJCM2FoVFdYdU80cXdPVDJnTEJsYzVfamhBeS1TQnUxejNKdG4wQ1I2WjdtQzhfTU1lNXc?oc=5\" target=\"_blank\" rel=\"nofollow noopener\">PJ lan\u00e7a campanha in\u00e9dita contra a radicaliza\u00e7\u00e3o online de jovens<\/a>&nbsp;&nbsp;Di\u00e1rio de Not\u00edcias<\/li>\n<li><a href=\"https:\/\/news.google.com\/rss\/articles\/CBMisAFBVV95cUxPT293S2dVRnRwZi1JNDZPVkJ0b2hRaXg2QmpWa0FuYS1FbUJRVDVTZlloRU1EVnMyb01URXN2SFlUR0E5Q3NHLXZodk95NnYtV292UWF4V0t6OUZHbk9yQmFPTTZYN2ZhT3Z5YWdBQnNLZ2FON0FpeUp2MHhuVHlTU0E0ZGdfdGhhUFNnNHFCYWVrTGxPY01TWE5VcmpSclJUcjJxNW5mYWdsU2dkTGxaUg?oc=5\" target=\"_blank\" rel=\"nofollow noopener\">PJ realiza confer\u00eancia \u201cPreven\u00e7\u00e3o da Radicaliza\u00e7\u00e3o Online de Crian\u00e7as e Jovens\u201d<\/a>&nbsp;&nbsp;policiajudiciaria.pt<\/li>\n<li><a href=\"https:\/\/news.google.com\/rss\/articles\/CBMi-wFBVV95cUxQOGhDbExaN2lfTGc4ZDM3c3Rwczh2dUdXNjdKY3E2b09vbkVPczlPMmhtOTJSSmg4QzVzWVZIUExHbzJzSUZMTjBKa1NTdWRSUTY3TFFNZjc0OExDQ3JQaEcwZ0ptZWVJelFHTWV1VnBQQzRLc1Eybm1hc0ZOMEpHUmxrTVFDQjd5VkhrZ2R6anZacWJrc0FnbVUzOEJMTzdqMml5NHZhXzlqY0otZ0YzbnpUd3E2eF9UV0xncTBudHJtUExpME5tRkVzMFMxcEtVWnBQXy1BSmZJY2JMR2FHWVMxODRwTXEwUnM2MmlTYU5ra2dzT0h6TUFlQQ?oc=5\" target=\"_blank\" rel=\"nofollow noopener\">PJ prepara-se para lan\u00e7ar campanha in\u00e9dita nas redes sociais: o alvo \u00e9 a crescente radicaliza\u00e7\u00e3o online dos jovens<\/a>&nbsp;&nbsp;SIC Not\u00edcias<\/li>\n<li><a href=\"https:\/\/news.google.com\/rss\/articles\/CBMisgFBVV95cUxNSFluXzA0WG14YTZZeTJMaWtZRkJZLVIxTUFIR3dib0prNlZPQkU2emxncXFyVEVkaTFmeVRJS0ZoNXhBbkRnWXdXTzR4UGN6UTRLV3FLRUpjRElHakNDenNRVVgwU0VjcVRhTmVSdnZnTFcxSHlKeHpURU1jTUQ2V2VyV0tXbm5lQXZVM2l4SHk3Q25TWGYySHVZS01ZWjgyVHZ2ZUtkV1NFeFFHV09vZ1BR?oc=5\" target=\"_blank\" rel=\"nofollow noopener\">PJ lan\u00e7a campanha contra radicaliza\u00e7\u00e3o de jovens online<\/a>&nbsp;&nbsp;Observador<\/li>\n<li><a href=\"https:\/\/news.google.com\/rss\/articles\/CBMiqAFBVV95cUxNZUxtYWVBeDI2cFpVOThwOE9oZ2lOczJWRlczdWJEVjVSR2x3YUY0Y01BSTdUY0dXN09PMHRoZ1oxUndfWWxWWlJxN0dyNlhaOU52TFRqVFhLak4xS2dWMGkyNm5FNGpQTXZxQWtlQUk5N0ZfTmV3U0kyUHNJVloxQVg0dWRwaVBkZmdlQUZTZTBNZ2VDSDFDQjgtWFV5TGFfTHJkYU5jNnU?oc=5\" target=\"_blank\" rel=\"nofollow noopener\">Extremismo recruta online: PJ lan\u00e7a campanha in\u00e9dita para proteger jovens<\/a>&nbsp;&nbsp;Executive Digest<\/li>\n<\/ol>\n","protected":false},"excerpt":{"rendered":"PJ lan\u00e7a campanha in\u00e9dita contra a radicaliza\u00e7\u00e3o online de jovens&nbsp;&nbsp;Di\u00e1rio de Not\u00edcias PJ realiza confer\u00eancia \u201cPreven\u00e7\u00e3o da Radicaliza\u00e7\u00e3o&hellip;\n","protected":false},"author":2,"featured_media":226166,"comment_status":"","ping_status":"","sticky":false,"template":"","format":"standard","meta":{"footnotes":""},"categories":[50],"tags":[27,28,1677,43530,306,43531,15,16,14,25,26,21,22,62,12,13,19,20,43534,2445,23,24,43535,43536,17,18,29,30,31,43533,43532,63,64,65],"class_list":{"0":"post-226165","1":"post","2":"type-post","3":"status-publish","4":"format-standard","5":"has-post-thumbnail","7":"category-mundo","8":"tag-breaking-news","9":"tag-breakingnews","10":"tag-campanha","11":"tag-discurso-de-odio","12":"tag-edicao-impressa","13":"tag-extremismos","14":"tag-featured-news","15":"tag-featurednews","16":"tag-headlines","17":"tag-latest-news","18":"tag-latestnews","19":"tag-main-news","20":"tag-mainnews","21":"tag-mundo","22":"tag-news","23":"tag-noticias","24":"tag-noticias-principais","25":"tag-noticiasprincipais","26":"tag-patricia-silveira","27":"tag-policia-judiciaria","28":"tag-principais-noticias","29":"tag-principaisnoticias","30":"tag-radicalizacao-online","31":"tag-radicalizacao-online-de-jovens","32":"tag-top-stories","33":"tag-topstories","34":"tag-ultimas","35":"tag-ultimas-noticias","36":"tag-ultimasnoticias","37":"tag-unct","38":"tag-unidade-nacional-contra-terrorismo-da-policia-judiciaria","39":"tag-world","40":"tag-world-news","41":"tag-worldnews"},"share_on_mastodon":{"url":"","error":"Validation failed: Text character limit of 500 exceeded"},"_links":{"self":[{"href":"https:\/\/www.europesays.com\/pt\/wp-json\/wp\/v2\/posts\/226165","targetHints":{"allow":["GET"]}}],"collection":[{"href":"https:\/\/www.europesays.com\/pt\/wp-json\/wp\/v2\/posts"}],"about":[{"href":"https:\/\/www.europesays.com\/pt\/wp-json\/wp\/v2\/types\/post"}],"author":[{"embeddable":true,"href":"https:\/\/www.europesays.com\/pt\/wp-json\/wp\/v2\/users\/2"}],"replies":[{"embeddable":true,"href":"https:\/\/www.europesays.com\/pt\/wp-json\/wp\/v2\/comments?post=226165"}],"version-history":[{"count":0,"href":"https:\/\/www.europesays.com\/pt\/wp-json\/wp\/v2\/posts\/226165\/revisions"}],"wp:featuredmedia":[{"embeddable":true,"href":"https:\/\/www.europesays.com\/pt\/wp-json\/wp\/v2\/media\/226166"}],"wp:attachment":[{"href":"https:\/\/www.europesays.com\/pt\/wp-json\/wp\/v2\/media?parent=226165"}],"wp:term":[{"taxonomy":"category","embeddable":true,"href":"https:\/\/www.europesays.com\/pt\/wp-json\/wp\/v2\/categories?post=226165"},{"taxonomy":"post_tag","embeddable":true,"href":"https:\/\/www.europesays.com\/pt\/wp-json\/wp\/v2\/tags?post=226165"}],"curies":[{"name":"wp","href":"https:\/\/api.w.org\/{rel}","templated":true}]}}