{"id":226167,"date":"2026-01-12T14:32:21","date_gmt":"2026-01-12T14:32:21","guid":{"rendered":"https:\/\/www.europesays.com\/pt\/226167\/"},"modified":"2026-01-12T14:32:21","modified_gmt":"2026-01-12T14:32:21","slug":"nuno-melo-atira-a-ventura-e-cotrim-politicos-devem-querer-cumprir-mandatos","status":"publish","type":"post","link":"https:\/\/www.europesays.com\/pt\/226167\/","title":{"rendered":"Nuno Melo atira a Ventura e Cotrim: pol\u00edticos &#8220;devem querer cumprir mandatos&#8221;"},"content":{"rendered":"<p data-remotead-prev-elm=\"true\" data-remotead-elm-id=\"inread\">&#8220;Os pol\u00edticos devem saber honrar a palavra e cumprir os seus mandatos. A confiabilidade \u00e9 importante em pol\u00edtica, mas n\u00f3s temos candidatos nestas elei\u00e7\u00f5es presidenciais que hoje fazem as mesmas juras de amor que faziam h\u00e1 seis meses e h\u00e1 um ano e meio noutras elei\u00e7\u00f5es, achando que pelo caminho n\u00f3s n\u00e3o temos mem\u00f3ria e n\u00e3o recordamos tudo aquilo que disseram e tudo aquilo que prometeram&#8221;, afirmou.<\/p>\n<p>O ministro da Defesa Nacional falava num com\u00edcio da campanha de Lu\u00eds Marques Mendes, que decorreu no Teatro Ribeiro Concei\u00e7\u00e3o, em Lamego (distrito de Viseu).<\/p>\n<p>Nuno Melo recordou que Andr\u00e9 Ventura se candidatou \u00e0s \u00faltimas legislativas, em maio, dizendo que &#8220;ia salvar Portugal&#8221; e n\u00e3o ia &#8220;desistir de ser primeiro-ministro&#8221;.<\/p>\n<p data-remotead-prev-elm=\"true\" data-remotead-elm-id=\"centro1\">&#8220;Seis meses depois parece que salvar Portugal e ser primeiro-ministro j\u00e1 n\u00e3o s\u00e3o quest\u00e3o, Bel\u00e9m \u00e9 que \u00e9&#8221;, criticou.<\/p>\n<p>O l\u00edder do CDS-PP, um dos partidos que apoia Marques Mendes, a par do PSD, referiu-se tamb\u00e9m a Jo\u00e3o Cotrim de Figueiredo, considerando que em junho de 2024 se candidatou ao Parlamento Europeu &#8220;numa jura para cinco anos&#8221;, e lembrou tamb\u00e9m que o candidato presidencial j\u00e1 admitiu que n\u00e3o seria feliz em Bel\u00e9m.<\/p>\n<p>&#8220;N\u00f3s queremos que Cotrim de Figueiredo seja feliz, seja feliz a cumprir o seu mandato em Bruxelas porque \u00e9 aquilo para que foi eleito e que jurou cumprir&#8221;, referiu<\/p>\n<p data-remotead-prev-elm=\"true\" data-remotead-elm-id=\"centro2\">O centrista defendeu que &#8220;os pol\u00edticos devem honrar a sua palavra e devem querer cumprir os seus mandatos&#8221; e considerou que o l\u00edder do Chega e o antigo l\u00edder da IL, quando entraram na corrida a Bel\u00e9m, j\u00e1 sabiam que haveria elei\u00e7\u00f5es presidenciais no in\u00edcio deste ano.<\/p>\n<p>&#8220;Sabiam que pediam votos n\u00e3o tencionando cumprir os seus mandatos, e n\u00f3s queremos que quem esteja na Presid\u00eancia da Rep\u00fablica honre a sua palavra porque esse \u00e9 o mais alto cargo da na\u00e7\u00e3o e a palavra \u00e9 uma raz\u00e3o de car\u00e1ter&#8221;, salientou.<\/p>\n<p>Sem referir o nome de Ant\u00f3nio Jos\u00e9 Seguro, Nuno Melo disse que h\u00e1 candidatos que &#8220;replicam tanto aquilo que Jos\u00e9 Lu\u00eds Carneiro vai dizendo enquanto l\u00edder do PS&#8221; que parece que preferem estar &#8220;na Assembleia da Rep\u00fablica a fazer oposi\u00e7\u00e3o ao Governo&#8221;.<\/p>\n<p data-remotead-prev-elm=\"true\" data-remotead-elm-id=\"centro3\">&#8220;Um presidente da Rep\u00fablica n\u00e3o existe para fazer oposi\u00e7\u00e3o ao Governo&#8221;, salientou, considerando que &#8220;a experi\u00eancia, a previsibilidade e a confiabilidade s\u00e3o ativos fundamentais&#8221; para o cargo e o candidato que apoia, pela experi\u00eancia que tem, &#8220;sabe rigorosamente como funcionam as institui\u00e7\u00f5es democr\u00e1ticas&#8221;.<\/p>\n<p>Nuno Melo sustentou ainda que &#8220;Portugal precisa de estabilidade, e de um presidente firme, que tenha uma voz forte&#8221;, e &#8220;perceba que \u00e9 importante a estabilidade&#8221;.<\/p>\n<p>Al\u00e9m de Nuno Melo, marcaram presen\u00e7a tamb\u00e9m outras figuras do CDS-PP, como o vice-presidente e secret\u00e1rio de Estado, \u00c1lvaro Castello Branco, o secret\u00e1rio-geral, Pedro Morais Soares, e os antigos deputados H\u00e9lder Amaral e Francisco Mendes da Silva.<\/p>\n<p data-remotead-prev-elm=\"true\" data-remotead-elm-id=\"centro4\">Antes, falou tamb\u00e9m o mandat\u00e1rio distrital da candidatura, Jos\u00e9 Costa, como j\u00e1 se dirigiu a Lu\u00eds Marques Mendes como &#8220;senhor presidente da Rep\u00fablica&#8221;.<\/p>\n<p>O presidente do Instituto Polit\u00e9cnico de Viseu pediu aos presentes para se levantarem e gritarem &#8220;Marques Mendes, Marques Mendes&#8221;, &#8220;Marques Mendes presidente&#8221;, e fez uma rima: &#8220;Tu, que de Portugal entendes, o nosso presidente \u00e9 Marques Mendes&#8221;.<\/p>\n<p>Jos\u00e9 Costa pediu tamb\u00e9m aos apoiantes do candidato presidencial para irem &#8220;porta a porta&#8221; apelar ao voto em Marques Mendes e prometeu &#8220;arranjar umas sapatilhas&#8221; a &#8220;quem n\u00e3o tiver&#8221;.<\/p>\n","protected":false},"excerpt":{"rendered":"&#8220;Os pol\u00edticos devem saber honrar a palavra e cumprir os seus mandatos. A confiabilidade \u00e9 importante em pol\u00edtica,&hellip;\n","protected":false},"author":2,"featured_media":226168,"comment_status":"","ping_status":"","sticky":false,"template":"","format":"standard","meta":{"footnotes":""},"categories":[10],"tags":[3386,27,28,15,16,14,9520,25,26,21,22,619,12,13,19,20,7219,32,5215,23,24,33,17,18,29,30,31],"class_list":{"0":"post-226167","1":"post","2":"type-post","3":"status-publish","4":"format-standard","5":"has-post-thumbnail","7":"category-portugal","8":"tag-andre-ventura","9":"tag-breaking-news","10":"tag-breakingnews","11":"tag-featured-news","12":"tag-featurednews","13":"tag-headlines","14":"tag-joao-cotrim-figueiredo","15":"tag-latest-news","16":"tag-latestnews","17":"tag-main-news","18":"tag-mainnews","19":"tag-nacional","20":"tag-news","21":"tag-noticias","22":"tag-noticias-principais","23":"tag-noticiasprincipais","24":"tag-nuno-melo","25":"tag-portugal","26":"tag-presidenciais","27":"tag-principais-noticias","28":"tag-principaisnoticias","29":"tag-pt","30":"tag-top-stories","31":"tag-topstories","32":"tag-ultimas","33":"tag-ultimas-noticias","34":"tag-ultimasnoticias"},"share_on_mastodon":{"url":"https:\/\/pubeurope.com\/@pt\/115882619462801347","error":""},"_links":{"self":[{"href":"https:\/\/www.europesays.com\/pt\/wp-json\/wp\/v2\/posts\/226167","targetHints":{"allow":["GET"]}}],"collection":[{"href":"https:\/\/www.europesays.com\/pt\/wp-json\/wp\/v2\/posts"}],"about":[{"href":"https:\/\/www.europesays.com\/pt\/wp-json\/wp\/v2\/types\/post"}],"author":[{"embeddable":true,"href":"https:\/\/www.europesays.com\/pt\/wp-json\/wp\/v2\/users\/2"}],"replies":[{"embeddable":true,"href":"https:\/\/www.europesays.com\/pt\/wp-json\/wp\/v2\/comments?post=226167"}],"version-history":[{"count":0,"href":"https:\/\/www.europesays.com\/pt\/wp-json\/wp\/v2\/posts\/226167\/revisions"}],"wp:featuredmedia":[{"embeddable":true,"href":"https:\/\/www.europesays.com\/pt\/wp-json\/wp\/v2\/media\/226168"}],"wp:attachment":[{"href":"https:\/\/www.europesays.com\/pt\/wp-json\/wp\/v2\/media?parent=226167"}],"wp:term":[{"taxonomy":"category","embeddable":true,"href":"https:\/\/www.europesays.com\/pt\/wp-json\/wp\/v2\/categories?post=226167"},{"taxonomy":"post_tag","embeddable":true,"href":"https:\/\/www.europesays.com\/pt\/wp-json\/wp\/v2\/tags?post=226167"}],"curies":[{"name":"wp","href":"https:\/\/api.w.org\/{rel}","templated":true}]}}