{"id":226171,"date":"2026-01-12T14:34:12","date_gmt":"2026-01-12T14:34:12","guid":{"rendered":"https:\/\/www.europesays.com\/pt\/226171\/"},"modified":"2026-01-12T14:34:12","modified_gmt":"2026-01-12T14:34:12","slug":"cachoeira-5-suites-e-uma-divida-por-que-a-mansao-de-didi-nao-e-vendida","status":"publish","type":"post","link":"https:\/\/www.europesays.com\/pt\/226171\/","title":{"rendered":"Cachoeira, 5 su\u00edtes e uma d\u00edvida: por que a mans\u00e3o de Didi n\u00e3o \u00e9 vendida?"},"content":{"rendered":"<p>                        <img width=\"944\" height=\"531\" src=\"https:\/\/www.europesays.com\/pt\/wp-content\/uploads\/2026\/01\/casa-mansao-renato-aragao-o-didi-dos-trapalhoes-11-944x531.jpg\" class=\"attachment-custom-large size-custom-large article-featured-image\" alt=\"casa mansao renato arag\u00e3o o didi dos trapalh\u00f5es\" fetchpriority=\"high\" decoding=\"async\"  \/><\/p>\n<p>Negocia\u00e7\u00e3o do im\u00f3vel enfrenta entraves financeiros desde o ano de 2023. (Fotos: Divulga\u00e7\u00e3o, Muller Im\u00f3veis RJ | Divulga\u00e7\u00e3o, Globo)<\/p>\n<p>Viver em um ref\u00fagio de luxo no Rio de Janeiro \u00e9 o desejo de muitos investidores de alto padr\u00e3o. Renato Arag\u00e3o disponibilizou sua mans\u00e3o por R$ 16 milh\u00f5es, mas a venda enfrenta desafios importantes. O im\u00f3vel carrega um d\u00e9bito tribut\u00e1rio de R$ 548 mil junto aos cofres p\u00fablicos municipais.<\/p>\n<p>Continua depois da publicidade<\/p>\n<p>Detalhes internos da resid\u00eancia<\/p>\n<p>A parte interna da casa oferece conforto extremo com uma sala de estar de 100 metros quadrados. Os moradores desfrutam de ambientes diversificados, como biblioteca, sala de jogos, dois escrit\u00f3rios e um amplo sal\u00e3o de festas.<\/p>\n<p>Ademais, a propriedade disp\u00f5e de cinco su\u00edtes equipadas com banheiras de hidromassagem e garagem para diversos ve\u00edculos. Essa estrutura robusta justifica o valor milion\u00e1rio pedido pela fam\u00edlia do humorista em diversos an\u00fancios.<\/p>\n<p>Como \u00e9 a casa do humorista Renato Arag\u00e3o1<\/p>\n<p>VoltarAvan\u00e7ar<\/p>\n<p><img loading=\"lazy\" decoding=\"async\" width=\"1200\" height=\"675\" data-id=\"7771768\" src=\"https:\/\/www.europesays.com\/pt\/wp-content\/uploads\/2026\/01\/casa-mansao-renato-aragao-o-didi-dos-trapalhoes.jpg\" alt=\"casa mansao renato arag\u00e3o o didi dos trapalh\u00f5es\" class=\"wp-image-7771768\"  \/><\/p>\n<p>Mans\u00e3o fica em \u00e1rea com 476 mil metros quadrados. (Foto: Divulga\u00e7\u00e3o, Muller Im\u00f3veis RJ)<\/p>\n<p><img loading=\"lazy\" decoding=\"async\" width=\"1200\" height=\"675\" data-id=\"7771767\" src=\"https:\/\/www.europesays.com\/pt\/wp-content\/uploads\/2026\/01\/casa-mansao-renato-aragao-o-didi-dos-trapalhoes-3.jpg\" alt=\"casa mansao renato arag\u00e3o o didi dos trapalh\u00f5es\" class=\"wp-image-7771767\"  \/><\/p>\n<p>Vista superior da casa de Renato Arag\u00e3o. (Foto: Divulga\u00e7\u00e3o, Muller Im\u00f3veis RJ)<\/p>\n<p><img loading=\"lazy\" decoding=\"async\" width=\"1200\" height=\"675\" data-id=\"7771766\" src=\"https:\/\/www.europesays.com\/pt\/wp-content\/uploads\/2026\/01\/casa-mansao-renato-aragao-o-didi-dos-trapalhoes-2.jpg\" alt=\"casa mansao renato arag\u00e3o o didi dos trapalh\u00f5es\" class=\"wp-image-7771766\"  \/><\/p>\n<p>Piscina da casa com grande \u00e1rea externa. (Foto: Divulga\u00e7\u00e3o, Muller Im\u00f3veis RJ)<\/p>\n<p><img loading=\"lazy\" decoding=\"async\" width=\"1200\" height=\"675\" data-id=\"7771764\" src=\"https:\/\/www.europesays.com\/pt\/wp-content\/uploads\/2026\/01\/casa-mansao-renato-aragao-o-didi-dos-trapalhoes-10.jpg\" alt=\"casa mansao renato arag\u00e3o o didi dos trapalh\u00f5es\" class=\"wp-image-7771764\"  \/><\/p>\n<p>Mans\u00e3o fica na Zona Oeste do Rio de Janeiro. (Foto: Divulga\u00e7\u00e3o, Muller Im\u00f3veis RJ)<\/p>\n<p><img loading=\"lazy\" decoding=\"async\" width=\"1200\" height=\"675\" data-id=\"7771763\" src=\"https:\/\/www.europesays.com\/pt\/wp-content\/uploads\/2026\/01\/casa-mansao-renato-aragao-o-didi-dos-trapalhoes-9.jpg\" alt=\"casa mansao renato arag\u00e3o o didi dos trapalh\u00f5es\" class=\"wp-image-7771763\"  \/><\/p>\n<p>Local tem campo de futebol e quadra de t\u00eanis. (Foto: Divulga\u00e7\u00e3o, Muller Im\u00f3veis RJ)<\/p>\n<p><img loading=\"lazy\" decoding=\"async\" width=\"1200\" height=\"675\" data-id=\"7771762\" src=\"https:\/\/www.europesays.com\/pt\/wp-content\/uploads\/2026\/01\/casa-mansao-renato-aragao-o-didi-dos-trapalhoes-8.jpg\" alt=\"casa mansao renato arag\u00e3o o didi dos trapalh\u00f5es\" class=\"wp-image-7771762\"  \/><\/p>\n<p>Copa e Cozinha com m\u00f3veis planejados. (Foto: Divulga\u00e7\u00e3o, Muller Im\u00f3veis RJ)<\/p>\n<p><img loading=\"lazy\" decoding=\"async\" width=\"1200\" height=\"675\" data-id=\"7771761\" src=\"https:\/\/www.europesays.com\/pt\/wp-content\/uploads\/2026\/01\/casa-mansao-renato-aragao-o-didi-dos-trapalhoes-7.jpg\" alt=\"casa mansao renato arag\u00e3o o didi dos trapalh\u00f5es\" class=\"wp-image-7771761\"  \/><\/p>\n<p>S\u00e3o quatro su\u00edtes, sendo uma com hidromassagem. (Foto: Divulga\u00e7\u00e3o, Muller Im\u00f3veis RJ)<\/p>\n<p><img loading=\"lazy\" decoding=\"async\" width=\"1200\" height=\"675\" data-id=\"7771760\" src=\"https:\/\/www.europesays.com\/pt\/wp-content\/uploads\/2026\/01\/casa-mansao-renato-aragao-o-didi-dos-trapalhoes-6.jpg\" alt=\"casa mansao renato arag\u00e3o o didi dos trapalh\u00f5es\" class=\"wp-image-7771760\"  \/><\/p>\n<p>Mans\u00e3o est\u00e1 \u00e0 venda por R$ 16 milh\u00f5es. (Foto: Divulga\u00e7\u00e3o, Muller Im\u00f3veis RJ)<\/p>\n<p><img loading=\"lazy\" decoding=\"async\" width=\"1200\" height=\"675\" data-id=\"7771759\" src=\"https:\/\/www.europesays.com\/pt\/wp-content\/uploads\/2026\/01\/casa-mansao-renato-aragao-o-didi-dos-trapalhoes-5.jpg\" alt=\"casa mansao renato arag\u00e3o o didi dos trapalh\u00f5es\" class=\"wp-image-7771759\"  \/><\/p>\n<p>Casa tem bar, adega, sal\u00e3o de festas e de jogos. (Foto: Divulga\u00e7\u00e3o, Muller Im\u00f3veis RJ)<\/p>\n<p><img loading=\"lazy\" decoding=\"async\" width=\"1200\" height=\"675\" data-id=\"7771757\" src=\"https:\/\/www.europesays.com\/pt\/wp-content\/uploads\/2026\/01\/casa-mansao-renato-aragao-o-didi-dos-trapalhoes-4.jpg\" alt=\"casa mansao renato arag\u00e3o o didi dos trapalh\u00f5es\" class=\"wp-image-7771757\"  \/><\/p>\n<p>Mans\u00e3o de Renato Arag\u00e3o, o Didi dos Trapalh\u00f5es. (Foto: Divulga\u00e7\u00e3o, Muller Im\u00f3veis RJ)<\/p>\n<p>Situa\u00e7\u00e3o atual do neg\u00f3cio<\/p>\n<p>Conforme fontes do mercado, a mans\u00e3o aguarda por comprador desde 2023 sem sucesso. A aus\u00eancia de interessados concretos mant\u00e9m o im\u00f3vel nos holofotes da m\u00eddia e dos corretores de luxo.<\/p>\n<p>Continua depois da publicidade<\/p>\n<p>Por outro lado, a fam\u00edlia Arag\u00e3o busca acordos para sanar as d\u00edvidas de IPTU com a administra\u00e7\u00e3o local. Eles esperam que a regulariza\u00e7\u00e3o documental impulsione a venda da propriedade nas pr\u00f3ximas semanas de negocia\u00e7\u00f5es.<\/p>\n<p>Escolha do editor para voc\u00ea:\u00a0<strong><a href=\"https:\/\/www.nsctotal.com.br\/noticias\/paredoes-no-lugar-de-jaulas-formam-um-revolucionario-zoologico-que-nao-tem-grades\" target=\"_blank\" rel=\"noreferrer noopener nofollow\">pared\u00f5es no lugar de jaulas formam um revolucion\u00e1rio zool\u00f3gico que n\u00e3o tem grades<\/a><\/strong>\u00a0e\u00a0<a href=\"https:\/\/www.nsctotal.com.br\/noticias\/primeiro-navio-de-passageiros-autonomo-do-mundo-ja-navega-no-japao\" target=\"_blank\" rel=\"noreferrer noopener nofollow\"><strong>primeiro navio de passageiros aut\u00f4nomo do mundo j\u00e1 navega no Jap\u00e3o<\/strong><\/a>.<\/p>\n","protected":false},"excerpt":{"rendered":"Negocia\u00e7\u00e3o do im\u00f3vel enfrenta entraves financeiros desde o ano de 2023. (Fotos: Divulga\u00e7\u00e3o, Muller Im\u00f3veis RJ | Divulga\u00e7\u00e3o,&hellip;\n","protected":false},"author":2,"featured_media":226172,"comment_status":"","ping_status":"","sticky":false,"template":"","format":"standard","meta":{"footnotes":""},"categories":[145],"tags":[211,210,114,115,32,33,794],"class_list":{"0":"post-226171","1":"post","2":"type-post","3":"status-publish","4":"format-standard","5":"has-post-thumbnail","7":"category-celebridades","8":"tag-celebridades","9":"tag-celebrities","10":"tag-entertainment","11":"tag-entretenimento","12":"tag-portugal","13":"tag-pt","14":"tag-voce-viu"},"share_on_mastodon":{"url":"https:\/\/pubeurope.com\/@pt\/115882627321506325","error":""},"_links":{"self":[{"href":"https:\/\/www.europesays.com\/pt\/wp-json\/wp\/v2\/posts\/226171","targetHints":{"allow":["GET"]}}],"collection":[{"href":"https:\/\/www.europesays.com\/pt\/wp-json\/wp\/v2\/posts"}],"about":[{"href":"https:\/\/www.europesays.com\/pt\/wp-json\/wp\/v2\/types\/post"}],"author":[{"embeddable":true,"href":"https:\/\/www.europesays.com\/pt\/wp-json\/wp\/v2\/users\/2"}],"replies":[{"embeddable":true,"href":"https:\/\/www.europesays.com\/pt\/wp-json\/wp\/v2\/comments?post=226171"}],"version-history":[{"count":0,"href":"https:\/\/www.europesays.com\/pt\/wp-json\/wp\/v2\/posts\/226171\/revisions"}],"wp:featuredmedia":[{"embeddable":true,"href":"https:\/\/www.europesays.com\/pt\/wp-json\/wp\/v2\/media\/226172"}],"wp:attachment":[{"href":"https:\/\/www.europesays.com\/pt\/wp-json\/wp\/v2\/media?parent=226171"}],"wp:term":[{"taxonomy":"category","embeddable":true,"href":"https:\/\/www.europesays.com\/pt\/wp-json\/wp\/v2\/categories?post=226171"},{"taxonomy":"post_tag","embeddable":true,"href":"https:\/\/www.europesays.com\/pt\/wp-json\/wp\/v2\/tags?post=226171"}],"curies":[{"name":"wp","href":"https:\/\/api.w.org\/{rel}","templated":true}]}}