{"id":226173,"date":"2026-01-12T14:37:22","date_gmt":"2026-01-12T14:37:22","guid":{"rendered":"https:\/\/www.europesays.com\/pt\/226173\/"},"modified":"2026-01-12T14:37:22","modified_gmt":"2026-01-12T14:37:22","slug":"maria-madalena-em-dose-dupla-r7-entretenimento","status":"publish","type":"post","link":"https:\/\/www.europesays.com\/pt\/226173\/","title":{"rendered":"\u2018Maria Madalena em dose dupla\u2019 \u2013 R7 Entretenimento"},"content":{"rendered":"<p><img decoding=\"async\" data-chromatic=\"ignore\" alt=\"\" class=\"c-image\" loading=\"lazy\" src=\"https:\/\/www.europesays.com\/pt\/wp-content\/uploads\/2026\/01\/WO7KM4CI3VA3TIYTQAFYCJGHN4.png\"  width=\"677\" height=\"369\"\/>Allana Lopes d\u00e1 vida a Maria Madalena <\/p>\n<p class=\"jarvics:base-text-neutral-high-400 base-text-[calc(theme(fontSize.xs)_*_var(--font-size,_1))] base-font-normal base-font-primary base-text-neutral-low-500 base-text-left\">Allana Lopes, a protagonista Maria Madalena na miniss\u00e9rie <a href=\"https:\/\/entretenimento.r7.com\/famosos-e-tv\/as-sete-marias\/\" target=\"_self\" rel=\"nofollow noopener\" title=\"https:\/\/entretenimento.r7.com\/famosos-e-tv\/as-sete-marias\/\"><b>As Sete Marias<\/b><\/a>, comemorou nas redes sociais o in\u00edcio das grava\u00e7\u00f5es da superprodu\u00e7\u00e3o <a href=\"https:\/\/entretenimento.r7.com\/famosos-e-tv\/ben-hur\/\" target=\"_self\" rel=\"nofollow noopener\" title=\"https:\/\/entretenimento.r7.com\/famosos-e-tv\/ben-hur\/\"><b>Ben-Hur<\/b><\/a>, na qual sua personagem tamb\u00e9m far\u00e1 parte.<\/p>\n<p class=\"jarvics:base-text-neutral-high-400 base-text-[calc(theme(fontSize.xs)_*_var(--font-size,_1))] base-font-normal base-font-primary base-text-neutral-low-500 base-text-left\">\u201cEssa semana eu termino de gravar As Sete Marias, mas para o cora\u00e7\u00e3o j\u00e1 ir ficando quentinho, vem a\u00ed Ben-Hur! Ent\u00e3o vai ter Maria Madalena em dose dupla, sim!\u201d, escreveu Allana.<\/p>\n<p class=\"jarvics:base-text-neutral-high-400 base-text-[calc(theme(fontSize.xs)_*_var(--font-size,_1))] base-font-normal base-font-primary base-text-neutral-low-500 base-text-left\">Nos coment\u00e1rios da publica\u00e7\u00e3o, f\u00e3s e colegas elogiaram a atriz.<\/p>\n<p class=\"jarvics:base-text-neutral-high-400 base-text-[calc(theme(fontSize.xs)_*_var(--font-size,_1))] base-font-normal base-font-primary base-text-neutral-low-500 base-text-left\">Uma comentou: \u201cDoida para ver voc\u00ea em dose dupla. Muito orgulho!\u201d, enquanto outra seguidora pontuou: \u201cVai ser lindo e t\u00e3o emocionante te ver brilhando na TV. Voc\u00ea \u00e9 maravilhosa\u201d. <\/p>\n<p class=\"jarvics:base-text-neutral-high-400 base-text-[calc(theme(fontSize.xs)_*_var(--font-size,_1))] base-font-normal base-font-primary base-text-neutral-low-500 base-text-left\"><a href=\"https:\/\/entretenimento.r7.com\/famosos-e-tv\/as-sete-marias\/allana-lopes-fabio-scalon-e-carol-fazu-comentam-inicio-das-gravacoes-da-minisserie-as-sete-marias-10122025\/\" target=\"_self\" rel=\"nofollow noopener\" title=\"https:\/\/entretenimento.r7.com\/famosos-e-tv\/as-sete-marias\/allana-lopes-fabio-scalon-e-carol-fazu-comentam-inicio-das-gravacoes-da-minisserie-as-sete-marias-10122025\/\"><b>As Sete Marias <\/b><b>iniciou as grava\u00e7\u00f5es em novembro<\/b><\/a> de 2025 e concluiu os trabalhos na \u00faltima quarta (7), enquanto Ben-Hur come\u00e7ou a ser gravado na ter\u00e7a (6). <\/p>\n<p class=\"jarvics:base-text-neutral-high-400 base-text-[calc(theme(fontSize.xs)_*_var(--font-size,_1))] base-font-normal base-font-primary base-text-neutral-low-500 base-text-left\">As duas obras seguem em produ\u00e7\u00e3o no Complexo de Dramaturgia da <a href=\"https:\/\/seriella.com\/\" target=\"_self\" rel=\"nofollow noopener\" title=\"https:\/\/seriella.com\/\"><b>Seriella Productions<\/b><\/a>, no Rio de Janeiro.<\/p>\n<p class=\"jarvics:base-text-neutral-high-400 base-text-[calc(theme(fontSize.xs)_*_var(--font-size,_1))] base-font-normal base-font-primary base-text-neutral-low-500 base-text-left\"><b>Fique por dentro:<\/b><\/p>\n<p class=\"jarvics:base-text-neutral-high-400 base-text-[calc(theme(fontSize.xs)_*_var(--font-size,_1))] base-font-normal base-font-primary base-text-neutral-low-500 base-text-left\">As Sete Marias tem dire\u00e7\u00e3o-geral de Vicente Guerra e \u00e9 escrita por Cristiane Cardoso e Raphaela Castro. Ben-Hur, s\u00e9rie inspirada na obra cl\u00e1ssica de Lew Wallace, tem o roteiro assinado por Cristiane Cardoso. As duas produ\u00e7\u00f5es t\u00eam estreia prevista para este ano no <a href=\"https:\/\/www.univervideo.com\/\" target=\"_blank\" rel=\"noreferrer nofollow noopener\" title=\"https:\/\/www.univervideo.com\/\"><b>Univer V\u00eddeo<\/b><\/a> e na <b>RECORD<\/b>.<\/p>\n","protected":false},"excerpt":{"rendered":"Allana Lopes d\u00e1 vida a Maria Madalena Allana Lopes, a protagonista Maria Madalena na miniss\u00e9rie As Sete Marias,&hellip;\n","protected":false},"author":2,"featured_media":226174,"comment_status":"","ping_status":"","sticky":false,"template":"","format":"standard","meta":{"footnotes":""},"categories":[142],"tags":[37733,114,115,32,33,151],"class_list":{"0":"post-226173","1":"post","2":"type-post","3":"status-publish","4":"format-standard","5":"has-post-thumbnail","7":"category-tv","8":"tag-ben-hur","9":"tag-entertainment","10":"tag-entretenimento","11":"tag-portugal","12":"tag-pt","13":"tag-tv"},"share_on_mastodon":{"url":"https:\/\/pubeurope.com\/@pt\/115882638964206804","error":""},"_links":{"self":[{"href":"https:\/\/www.europesays.com\/pt\/wp-json\/wp\/v2\/posts\/226173","targetHints":{"allow":["GET"]}}],"collection":[{"href":"https:\/\/www.europesays.com\/pt\/wp-json\/wp\/v2\/posts"}],"about":[{"href":"https:\/\/www.europesays.com\/pt\/wp-json\/wp\/v2\/types\/post"}],"author":[{"embeddable":true,"href":"https:\/\/www.europesays.com\/pt\/wp-json\/wp\/v2\/users\/2"}],"replies":[{"embeddable":true,"href":"https:\/\/www.europesays.com\/pt\/wp-json\/wp\/v2\/comments?post=226173"}],"version-history":[{"count":0,"href":"https:\/\/www.europesays.com\/pt\/wp-json\/wp\/v2\/posts\/226173\/revisions"}],"wp:featuredmedia":[{"embeddable":true,"href":"https:\/\/www.europesays.com\/pt\/wp-json\/wp\/v2\/media\/226174"}],"wp:attachment":[{"href":"https:\/\/www.europesays.com\/pt\/wp-json\/wp\/v2\/media?parent=226173"}],"wp:term":[{"taxonomy":"category","embeddable":true,"href":"https:\/\/www.europesays.com\/pt\/wp-json\/wp\/v2\/categories?post=226173"},{"taxonomy":"post_tag","embeddable":true,"href":"https:\/\/www.europesays.com\/pt\/wp-json\/wp\/v2\/tags?post=226173"}],"curies":[{"name":"wp","href":"https:\/\/api.w.org\/{rel}","templated":true}]}}