{"id":226179,"date":"2026-01-12T14:41:09","date_gmt":"2026-01-12T14:41:09","guid":{"rendered":"https:\/\/www.europesays.com\/pt\/226179\/"},"modified":"2026-01-12T14:41:09","modified_gmt":"2026-01-12T14:41:09","slug":"biomarcador-pode-prever-infarto-e-avc-melhor-do-que-o-colesterol","status":"publish","type":"post","link":"https:\/\/www.europesays.com\/pt\/226179\/","title":{"rendered":"Biomarcador pode prever infarto e AVC melhor do que o colesterol"},"content":{"rendered":"<p>Desde que as pesquisas <a href=\"https:\/\/pubmed.ncbi.nlm.nih.gov\/14364826\/\" rel=\"nofollow noopener\" target=\"_blank\">estabeleceram pela primeira vez a rela\u00e7\u00e3o entre dieta, colesterol e doen\u00e7as card\u00edacas na d\u00e9cada de 1950<\/a>, o risco de doen\u00e7as card\u00edacas tem sido em parte avaliado com base nos n\u00edveis de colesterol do paciente, que podem ser medidos rotineiramente por meio de exames de sangue.<\/p>\n<p>Mas <a href=\"https:\/\/doi.org\/10.1161\/01.%20CIR.97.20.2007\" rel=\"nofollow noopener\" target=\"_blank\">evid\u00eancias acumuladas nas \u00faltimas duas d\u00e9cadas<\/a> demonstram que um biomarcador chamado <a href=\"https:\/\/my.clevelandclinic.org\/health\/diagnostics\/23056-c-reactive-protein-crp-test\" rel=\"nofollow noopener\" target=\"_blank\">prote\u00edna C reativa<\/a> \u2014que sinaliza a presen\u00e7a de inflama\u00e7\u00e3o de baixo grau\u2014 \u00e9 um melhor indicador do risco de doen\u00e7as card\u00edacas do que o colesterol.<\/p>\n<p>Como resultado, em setembro de 2025, o Col\u00e9gio Americano de Cardiologia publicou <a href=\"https:\/\/doi.org\/10.1016\/j.jacc.2025.08.047\" rel=\"nofollow noopener\" target=\"_blank\">novas recomenda\u00e7\u00f5es para o rastreamento universal<\/a> dos n\u00edveis de prote\u00edna C reativa em todos os pacientes, juntamente com a medi\u00e7\u00e3o dos n\u00edveis de colesterol.<\/p>\n<p>O que \u00e9 a prote\u00edna C reativa?<\/p>\n<p>A prote\u00edna C reativa \u00e9 produzida pelo f\u00edgado em resposta a infec\u00e7\u00f5es, danos nos tecidos, estados inflamat\u00f3rios cr\u00f4nicos decorrentes de doen\u00e7as autoimunes e dist\u00farbios metab\u00f3licos, como obesidade e diabetes. Essencialmente, \u00e9 um <a href=\"https:\/\/doi.org\/10.1056\/NEJMra2206346\" rel=\"nofollow noopener\" target=\"_blank\">marcador de inflama\u00e7\u00e3o<\/a> \u2014o que significa <a href=\"https:\/\/theconversation.com\/what-is-inflammation-two-immunologists-explain-how-the-body-responds-to-everything-from-stings-to-vaccination-and-why-it-sometimes-goes-wrong-193503\" rel=\"nofollow noopener\" target=\"_blank\">ativa\u00e7\u00e3o do sistema <\/a><a href=\"https:\/\/theconversation.com\/what-is-inflammation-two-immunologists-explain-how-the-body-responds-to-everything-from-stings-to-vaccination-and-why-it-sometimes-goes-wrong-193503\" rel=\"nofollow noopener\" target=\"_blank\">imune<\/a>\u2014 no corpo.<\/p>\n<p>A prote\u00edna C reativa pode ser facilmente medida com exames de sangue. Um n\u00edvel baixo de prote\u00edna C reativa \u2014abaixo de 1 miligrama por decilitro\u2014 significa inflama\u00e7\u00e3o m\u00ednima no corpo, o que protege contra doen\u00e7as card\u00edacas.<\/p>\n<p>Um n\u00edvel elevado de prote\u00edna C reativa, superior a 3 miligramas por decilitro, significa n\u00edveis aumentados de inflama\u00e7\u00e3o e, portanto, <a href=\"https:\/\/doi.org\/10.3390\/biomedicines11092444\" rel=\"nofollow noopener\" target=\"_blank\">maior risco de doen\u00e7as card\u00edacas<\/a>. Cerca de 52% dos americanos t\u00eam um <a href=\"https:\/\/doi.org\/10.1056\/NEJM200504143521525\" rel=\"nofollow noopener\" target=\"_blank\">n\u00edvel elevado de prote\u00edna C reativa<\/a> no sangue.<\/p>\n<p>Pesquisas mostram que a prote\u00edna C reativa \u00e9 um marcador preditivo melhor para ataques card\u00edacos e AVCs do que o <a href=\"https:\/\/doi.org\/10.1056\/NEJMoa2405182\" rel=\"nofollow noopener\" target=\"_blank\">colesterol &#8220;ruim&#8221;, ou LDL (sigla em ingl\u00eas para lipoprote\u00edna de baixa densidade)<\/a>, bem como outro biomarcador geneticamente herdado comumente medido chamado <a href=\"https:\/\/doi.org\/%2010.1056\/nejmoa2405182\" rel=\"nofollow noopener\" target=\"_blank\">lipoprote\u00edna (a)<\/a>. Um estudo descobriu que a prote\u00edna C reativa <a href=\"https:\/\/doi.org\/10.1016\/S0140-6736(09)61717-7\" rel=\"nofollow noopener\" target=\"_blank\">pode prever doen\u00e7as card\u00edacas t\u00e3o bem quanto a press\u00e3o arterial<\/a>.<\/p>\n<p>Por que a inflama\u00e7\u00e3o \u00e9 importante?<\/p>\n<p>A inflama\u00e7\u00e3o desempenha um papel crucial em todas as fases do desenvolvimento e ac\u00famulo de placas de gordura nas art\u00e9rias, o que causa uma condi\u00e7\u00e3o chamada <a href=\"https:\/\/www.mayoclinic.org\/diseases-conditions\/arteriosclerosis-atherosclerosis\/symptoms-causes\/syc%20-20350569\" rel=\"nofollow noopener\" target=\"_blank\">aterosclerose<\/a> que pode <a href=\"https:\/\/doi.org\/10.1161\/hc0902.104353\" rel=\"nofollow noopener\" target=\"_blank\">levar a ataques card\u00edacos e derrames<\/a>.<\/p>\n<p>A partir do momento em que um vaso sangu\u00edneo \u00e9 danificado, seja <a href=\"https:\/\/doi.org\/10.5772\/intechopen.71433\" rel=\"nofollow noopener\" target=\"_blank\">por alto n\u00edvel de a\u00e7\u00facar no sangue<\/a> ou <a href=\"https:\/\/doi.org\/10.1046\/j.1365-2613.%202000.00162.x\" rel=\"nofollow noopener\" target=\"_blank\">fuma\u00e7a de cigarro<\/a>, as c\u00e9lulas imunes se infiltram imediatamente na \u00e1rea. Essas c\u00e9lulas imunes subsequentemente engolfam part\u00edculas de colesterol que normalmente flutuam na corrente sangu\u00ednea para formar uma placa gordurosa que se gruda na parede do vaso.<\/p>\n<p>Esse processo continua por d\u00e9cadas at\u00e9 que, eventualmente, um dia, mediadores imunes rompem a capa que envolve a placa. Isso desencadeia a forma\u00e7\u00e3o de um co\u00e1gulo que obstrui o fluxo sangu\u00edneo, priva os tecidos circundantes de oxig\u00eanio e, por fim, causa um ataque card\u00edaco ou derrame.<\/p>\n<p>Portanto, o colesterol \u00e9 apenas parte da hist\u00f3ria; na verdade, \u00e9 o sistema imune que atua em cada etapa dos processos que levam \u00e0 doen\u00e7a card\u00edaca.<\/p>\n<p>Dieta pode influenciar a prote\u00edna C reativa?<\/p>\n<p>O estilo de vida pode influenciar significativamente a <a href=\"https:\/\/doi.org\/10.1177\/2047487319885458\" rel=\"nofollow noopener\" target=\"_blank\">quantidade de prote\u00edna C reativa produzida pelo f\u00edgado<\/a>.<\/p>\n<p>V\u00e1rios alimentos e nutrientes demonstraram reduzir os n\u00edveis de prote\u00edna C reativa, incluindo <a href=\"https:\/\/doi.org\/10.3109\/09637486.2014.959898\" rel=\"nofollow noopener\" target=\"_blank\">fibras alimentares de alimentos como feij\u00f5es, vegetais, nozes e sementes<\/a>, bem como <a href=\"https:\/\/doi.org\/%2010.1016\/j.fct.2019.110922\" rel=\"nofollow noopener\" target=\"_blank\">bagas<\/a>, <a href=\"https:\/\/doi.org\/10.1080\/10408398.2025.2525446\" rel=\"nofollow noopener\" target=\"_blank\">azeite<\/a>, <a href=\"https:\/\/doi.org\/10.1016\/j.ctim.%202019.08.019\" rel=\"nofollow noopener\" target=\"_blank\">ch\u00e1 verde<\/a>, <a href=\"https:\/\/doi.org\/10.1186\/s12986-024-00847-3\" rel=\"nofollow noopener\" target=\"_blank\">sementes de chia<\/a> e <a href=\"https:\/\/doi.org\/10.1016\/j.prostaglandins.2024.106868\" rel=\"nofollow noopener\" target=\"_blank\">sementes de linha\u00e7a<\/a>.<\/p>\n<p>A perda de peso e a pr\u00e1tica de exerc\u00edcios f\u00edsicos tamb\u00e9m podem reduzir os n\u00edveis de prote\u00edna C reativa.<\/p>\n<p>O colesterol ainda \u00e9 importante no risco de doen\u00e7as card\u00edacas?<\/p>\n<p>Embora o colesterol possa n\u00e3o ser mais o indicador mais importante do risco de doen\u00e7as card\u00edacas, ele continua sendo altamente relevante.<\/p>\n<p>Mas n\u00e3o \u00e9 apenas a quantidade de colesterol \u2014ou, mais especificamente, a quantidade de colesterol &#8220;ruim&#8221;, ou LDL\u2014 que importa. Duas pessoas com o mesmo n\u00edvel de colesterol n\u00e3o t\u00eam necessariamente o mesmo risco de doen\u00e7as card\u00edacas. Isso porque o risco \u00e9 determinado mais pelo n\u00famero de part\u00edculas em que o colesterol ruim est\u00e1 encapsulado do que pela massa total de colesterol ruim que circula no organismo. <a href=\"http:\/\/doi.org\/10.1161\/CIRCULATIONAHA.124.068885\" rel=\"nofollow noopener\" target=\"_blank\">Mais part\u00edculas significam maior risco<\/a>.<\/p>\n<p>\u00c9 por isso que um exame de sangue conhecido como <a href=\"https:\/\/my.clevelandclinic.org\/health\/diagnostics\/%2024992-apolipoprote%C3%ADna-b-teste\" rel=\"nofollow noopener\" target=\"_blank\">apolipoprote\u00edna B<\/a>, que mede o n\u00famero de part\u00edculas de colesterol, \u00e9 um melhor indicador do risco de doen\u00e7as card\u00edacas do que <a href=\"https:\/\/doi.org\/10.1001\/jamacardio.2021.5083\" rel=\"nofollow noopener\" target=\"_blank\">as medi\u00e7\u00f5es das quantidades totais de colesterol ruim<\/a>.<\/p>\n<p>Assim como o colesterol e a prote\u00edna C reativa, a apolipoprote\u00edna B tamb\u00e9m \u00e9 influenciada por fatores relacionados ao estilo de vida, <a href=\"http:\/\/doi.org\/10.1055\/a-2580-0722\" rel=\"nofollow noopener\" target=\"_blank\">como exerc\u00edcios f\u00edsicos<\/a>, <a href=\"http:\/\/doi.org\/10.1186\/s12944-019-1094-4\" rel=\"nofollow noopener\" target=\"_blank\">perda de peso<\/a> e dieta. Nutrientes como <a href=\"https:\/\/doi.org\/%2010.1017\/S0954422416000147\" rel=\"nofollow noopener\" target=\"_blank\">fibras, nozes e \u00e1cidos graxos \u00f4mega-3<\/a> est\u00e3o associados a uma diminui\u00e7\u00e3o do n\u00famero de part\u00edculas de colesterol, enquanto <a href=\"https:\/\/doi.org\/10.3390\/nu9030211\" rel=\"nofollow noopener\" target=\"_blank\">o aumento da ingest\u00e3o de a\u00e7\u00facar est\u00e1 associado a um maior n\u00famero<\/a> de part\u00edculas de colesterol.<\/p>\n<p>Al\u00e9m disso, a <a href=\"https:\/\/www.heart.org\/en\/health-topics\/cholesterol\/genetic-conditions\/lipoprotein-a\" rel=\"nofollow noopener\" target=\"_blank\">lipoprote\u00edna (a)<\/a>, uma prote\u00edna que vive na parede que envolve as part\u00edculas de colesterol, \u00e9 outro marcador que <a href=\"https:\/\/doi.org\/%2010.1161\/ATV.0000000000000147\" rel=\"nofollow noopener\" target=\"_blank\">pode prever doen\u00e7as card\u00edacas com mais precis\u00e3o do que os n\u00edveis de colesterol<\/a>. Isso ocorre porque a presen\u00e7a da lipoprote\u00edna (a) torna as part\u00edculas de colesterol pegajosas, por assim dizer, e, portanto, mais propensas a ficarem presas em uma placa ateroscler\u00f3tica.<\/p>\n<p>No entanto, ao contr\u00e1rio de outros fatores de risco, os n\u00edveis de lipoprote\u00edna (a) s\u00e3o puramente gen\u00e9ticos. Portanto, n\u00e3o s\u00e3o influenciados pelo estilo de vida e precisam ser medidos apenas uma vez na vida.<\/p>\n<p>Qual \u00e9 a melhor maneira de prevenir doen\u00e7as card\u00edacas?<\/p>\n<p>Em \u00faltima an\u00e1lise, as doen\u00e7as card\u00edacas s\u00e3o o resultado de muitos fatores de risco e suas intera\u00e7\u00f5es ao longo da vida.<\/p>\n<p>Portanto, prevenir doen\u00e7as card\u00edacas \u00e9 muito mais complicado do que <a href=\"https:\/\/doi.org\/10.1093\/jn\/128.2.449S\" rel=\"nofollow noopener\" target=\"_blank\">simplesmente seguir uma dieta sem colesterol, como se pensava anteriormente<\/a>.<\/p>\n<p>Conhecer o seu n\u00edvel de colesterol LDL, juntamente com os n\u00edveis de prote\u00edna C reativa, apolipoprote\u00edna B e lipoprote\u00edna (a), d\u00e1 uma vis\u00e3o abrangente do risco, o que pode ajudar a motivar um compromisso de longo prazo com os <a href=\"https:\/\/www.heart.org\/en\/healthy-living\/healthy-lifestyle\/how-to-help-prevent-heart-disease-at-any-age\" rel=\"nofollow noopener\" target=\"_blank\">princ\u00edpios b\u00e1sicos da preven\u00e7\u00e3o de doen\u00e7as card\u00edacas<\/a>. Isso inclui alimentar-se bem, praticar exerc\u00edcios regularmente, dormir o suficiente, controlar o estresse de maneira produtiva, manter um peso saud\u00e1vel e, se for o caso, parar de fumar.<img loading=\"lazy\" decoding=\"async\" alt=\"The Conversation\" height=\"1\" referrerpolicy=\"no-referrer-when-downgrade\" src=\"https:\/\/www.europesays.com\/pt\/wp-content\/uploads\/2026\/01\/count.gif\" width=\"1\"\/><\/p>\n<p>*<a href=\"https:\/\/theconversation.com\/profiles\/mary-j-scourboutakos-1518645\" rel=\"nofollow noopener\" target=\"_blank\">Mary<\/a><a href=\"https:\/\/theconversation.com\/profiles\/mary-j-scourboutakos-1518645\" rel=\"nofollow noopener\" target=\"_blank\"> J. Scourboutakos<\/a>, professora adjunta assistente em medicina de fam\u00edlia e comunidade, <a href=\"https:\/\/theconversation.com\/institutions\/macon-and-joan-brock-virginia-health-sciences-at-old-dominion-university-6646\" rel=\"nofollow noopener\" target=\"_blank\">Macon &amp; Joan Brock Virginia Health Sciences at Old Dominion University<\/a><\/p>\n<p><a href=\"https:\/\/theconversation.com\/institutions\/macon-and-joan-brock-virginia-health-sciences-at-old-dominion-university-6646\" rel=\"nofollow noopener\" target=\"_blank\">Este artigo \u00e9 republicado do <\/a><a href=\"https:\/\/theconversation.com\" rel=\"nofollow noopener\" target=\"_blank\">The Conversation<\/a> sob uma licen\u00e7a Creative Commons. Leia o <a href=\"https:\/\/theconversation.com\/como-a-proteina-c-reativa-tomou-o-lugar-do-colesterol-ruim-como-principal-marcador-de-risco-para-doencas-cardiacas-272601\" rel=\"nofollow noopener\" target=\"_blank\">original aqui.<\/a><\/p>\n","protected":false},"excerpt":{"rendered":"Desde que as pesquisas estabeleceram pela primeira vez a rela\u00e7\u00e3o entre dieta, colesterol e doen\u00e7as card\u00edacas na d\u00e9cada&hellip;\n","protected":false},"author":2,"featured_media":226180,"comment_status":"","ping_status":"","sticky":false,"template":"","format":"standard","meta":{"footnotes":""},"categories":[86],"tags":[116,32,33,117],"class_list":{"0":"post-226179","1":"post","2":"type-post","3":"status-publish","4":"format-standard","5":"has-post-thumbnail","7":"category-saude","8":"tag-health","9":"tag-portugal","10":"tag-pt","11":"tag-saude"},"share_on_mastodon":{"url":"https:\/\/pubeurope.com\/@pt\/115882654659753903","error":""},"_links":{"self":[{"href":"https:\/\/www.europesays.com\/pt\/wp-json\/wp\/v2\/posts\/226179","targetHints":{"allow":["GET"]}}],"collection":[{"href":"https:\/\/www.europesays.com\/pt\/wp-json\/wp\/v2\/posts"}],"about":[{"href":"https:\/\/www.europesays.com\/pt\/wp-json\/wp\/v2\/types\/post"}],"author":[{"embeddable":true,"href":"https:\/\/www.europesays.com\/pt\/wp-json\/wp\/v2\/users\/2"}],"replies":[{"embeddable":true,"href":"https:\/\/www.europesays.com\/pt\/wp-json\/wp\/v2\/comments?post=226179"}],"version-history":[{"count":0,"href":"https:\/\/www.europesays.com\/pt\/wp-json\/wp\/v2\/posts\/226179\/revisions"}],"wp:featuredmedia":[{"embeddable":true,"href":"https:\/\/www.europesays.com\/pt\/wp-json\/wp\/v2\/media\/226180"}],"wp:attachment":[{"href":"https:\/\/www.europesays.com\/pt\/wp-json\/wp\/v2\/media?parent=226179"}],"wp:term":[{"taxonomy":"category","embeddable":true,"href":"https:\/\/www.europesays.com\/pt\/wp-json\/wp\/v2\/categories?post=226179"},{"taxonomy":"post_tag","embeddable":true,"href":"https:\/\/www.europesays.com\/pt\/wp-json\/wp\/v2\/tags?post=226179"}],"curies":[{"name":"wp","href":"https:\/\/api.w.org\/{rel}","templated":true}]}}