{"id":226185,"date":"2026-01-12T14:46:27","date_gmt":"2026-01-12T14:46:27","guid":{"rendered":"https:\/\/www.europesays.com\/pt\/226185\/"},"modified":"2026-01-12T14:46:27","modified_gmt":"2026-01-12T14:46:27","slug":"cotrim-e-queque-e-ventura-proto-ditadorzeco-observador","status":"publish","type":"post","link":"https:\/\/www.europesays.com\/pt\/226185\/","title":{"rendered":"Cotrim \u00e9 &#8220;queque&#8221; e Ventura &#8220;proto-ditadorzeco&#8221; \u2013 Observador"},"content":{"rendered":"<p>Isaltino Morais estava a ler o discurso do telem\u00f3vel, o que o pr\u00f3prio admitiria ser um erro, mas n\u00e3o deixou de disparar em todas as dire\u00e7\u00f5es para defender Gouveia e Melo, num discurso em que chegou a citar Barack Obama. Depois de ter passado o fim-de-semana todo a acompanhar o almirante, o autarca de Oeiras discursou perante um Teatro Diogo Bernardes em Ponte de Lima lotado e classificou Jo\u00e3o Cotrim Figueiredo como \u201cqueque de 3\u00aa categoria\u201d, Andr\u00e9 Ventura de \u201cproto-ditadorzeco\u201d e Marques Mendes de \u201cmoralista de goela\u201d. J\u00e1 quanto a Gouveia e Melo, Isaltino n\u00e3o tem d\u00favidas: \u00e9 \u201cCristiano Ronaldo\u201d.<\/p>\n<p>O autarca de Oeiras tentou derreter, um por um, os principais advers\u00e1rios do almirante. Come\u00e7ou por atirar a Jo\u00e3o Cotrim Figueiredo, que diz ser o candidato \u201caventuras liberais de<strong> terceira categoria<\/strong>\u201c, lembrando que os\u00a0\u201c<strong>candidatos queques<\/strong>\u00a0n\u00e3o conhecem o pa\u00eds real\u201c. Isaltino Morais diz que votar na pacotilha liberal \u00e9 votar nos queques e acusa Cotrim de cinismo: \u201cDurante a campanha dan\u00e7am com velhotas, abra\u00e7am os pobres, beijam tudo. Se for preciso at\u00e9 c\u00e3es. Depois da campanha, voltam para os sal\u00f5es de Lisboa e esquecem os pobres\u201d.<\/p>\n<p>Sobre\u00a0Andr\u00e9 Ventura, Isaltino Morais pede que n\u00e3o se d\u00ea \u201co voto \u00e0 direita reacion\u00e1ria. O que tem ele para oferecer a n\u00e3o ser \u00f3dio aos outros? Vamos votar num\u00a0proto-ditadorzeco\u00a0que trai a nossa hist\u00f3ria?\u201d \u201c.<\/p>\n<p>Seguiu-se depois na carreira de tiro Ant\u00f3nio Jos\u00e9 Seguro, a quem Isaltino chamou de \u201ccinzento do politicamente correto\u201d, que \u201cnunca adianta nada\u201d. Lembra que teve \u201ccolegas de partido que disseram que n\u00e3o estava a altura\u201d, que agora s\u00e3o \u201cos mesmos que agora dizem que, de todos \u00e9 o menos mau.\u201d Tamb\u00e9m deixa duras cr\u00edticas a Marques Mendes que diz ser um pol\u00edtico de \u201cduas caras\u201d, um \u201cmoralista de goela\u201d, que cedo as pessoas perceberam que \u201cn\u00e3o bastava\u201d. \u201cA campanha [de Marques Mendes] morreu\u201d, decretou Isaltino Morais.<\/p>\n<p>O autarca de Oeiras citou depois Lu\u00eds Montenegro para lembrar que \u201ch\u00e1 poucas semanas dizia que dev\u00edamos ser o Cristiano Ronaldo. O que entendi das palavras dele \u00e9 que devemos ser a melhor vers\u00e3o de n\u00f3s pr\u00f3prios. \u00c9 por isso que estamos aqui, o nosso Ronaldo, Henrique Gouveia e Melo.\u201d Isaltino Morais vai mais longe: \u201c<strong>Tenho para mim que o pr\u00f3prio primeiro-ministro gostaria de estar aqui hoje<\/strong>. Ele gosta de estar entre os melhores. H\u00e1 muita gente que apenas por disciplina partid\u00e1ria n\u00e3o est\u00e1 aqui connosco.\u201d<\/p>\n<p>O autarca de Oeiras diz que \u201ca esperan\u00e7a \u00e9 em momentos como o atual, como dizia Obama, uma ousadia. N\u00f3s somos os ousados que queremos mais. Que queremos melhor para n\u00f3s e para os nossos concidad\u00e3os. Por isso \u00e9 que temos de votar em Gouveia e Melo\u201d.<\/p>\n<p class=\"tinymceh1\">Depois de Isaltino Morais, discurscou Henrique Gouveia e Melo que perguntou \u00e0 sala e aos portugueses: \u201cSe tivessem que atravessar o vale escuro, que candidato queriam ter ao lado?\u201d O almirante come\u00e7ou por atirar-se aos \u201csic\u00e1rios\u201d das outras candidaturas \u2014 que agora andam a \u201cdizer que a conversa devia ser mais elevada\u201d \u2014 questionando: \u201cAndaram meses a atacar-me. Mais elevada desde quando? S\u00f3 agora?\u201d<\/p>\n<p>O almirante voltou a atingir Ant\u00f3nio Jos\u00e9 Seguro para dizer que Portugal n\u00e3o pode ter na chefia do Estado \u201cindecis\u00e3o\u201d, nem algu\u00e9m que \u201cn\u00e3o tem a\u00a0stamina\u00a0certa para reagir a uma situa\u00e7\u00e3o de crise\u201d. Mais \u00e0 frente no discurso, chama-lhe mesmo \u201cfalso socialista\u201d.<\/p>\n","protected":false},"excerpt":{"rendered":"Isaltino Morais estava a ler o discurso do telem\u00f3vel, o que o pr\u00f3prio admitiria ser um erro, mas&hellip;\n","protected":false},"author":2,"featured_media":226186,"comment_status":"","ping_status":"","sticky":false,"template":"","format":"standard","meta":{"footnotes":""},"categories":[10],"tags":[7605,27,28,1077,15,16,14,18661,25,26,21,22,12,13,19,20,302,32,1076,23,24,33,17,18,29,30,31],"class_list":{"0":"post-226185","1":"post","2":"type-post","3":"status-publish","4":"format-standard","5":"has-post-thumbnail","7":"category-portugal","8":"tag-almirante-gouveia-e-melo","9":"tag-breaking-news","10":"tag-breakingnews","11":"tag-eleiu00e7u00f5es","12":"tag-featured-news","13":"tag-featurednews","14":"tag-headlines","15":"tag-isaltino-morais","16":"tag-latest-news","17":"tag-latestnews","18":"tag-main-news","19":"tag-mainnews","20":"tag-news","21":"tag-noticias","22":"tag-noticias-principais","23":"tag-noticiasprincipais","24":"tag-polu00edtica","25":"tag-portugal","26":"tag-presidenciais-2026","27":"tag-principais-noticias","28":"tag-principaisnoticias","29":"tag-pt","30":"tag-top-stories","31":"tag-topstories","32":"tag-ultimas","33":"tag-ultimas-noticias","34":"tag-ultimasnoticias"},"share_on_mastodon":{"url":"https:\/\/pubeurope.com\/@pt\/115882674320009829","error":""},"_links":{"self":[{"href":"https:\/\/www.europesays.com\/pt\/wp-json\/wp\/v2\/posts\/226185","targetHints":{"allow":["GET"]}}],"collection":[{"href":"https:\/\/www.europesays.com\/pt\/wp-json\/wp\/v2\/posts"}],"about":[{"href":"https:\/\/www.europesays.com\/pt\/wp-json\/wp\/v2\/types\/post"}],"author":[{"embeddable":true,"href":"https:\/\/www.europesays.com\/pt\/wp-json\/wp\/v2\/users\/2"}],"replies":[{"embeddable":true,"href":"https:\/\/www.europesays.com\/pt\/wp-json\/wp\/v2\/comments?post=226185"}],"version-history":[{"count":0,"href":"https:\/\/www.europesays.com\/pt\/wp-json\/wp\/v2\/posts\/226185\/revisions"}],"wp:featuredmedia":[{"embeddable":true,"href":"https:\/\/www.europesays.com\/pt\/wp-json\/wp\/v2\/media\/226186"}],"wp:attachment":[{"href":"https:\/\/www.europesays.com\/pt\/wp-json\/wp\/v2\/media?parent=226185"}],"wp:term":[{"taxonomy":"category","embeddable":true,"href":"https:\/\/www.europesays.com\/pt\/wp-json\/wp\/v2\/categories?post=226185"},{"taxonomy":"post_tag","embeddable":true,"href":"https:\/\/www.europesays.com\/pt\/wp-json\/wp\/v2\/tags?post=226185"}],"curies":[{"name":"wp","href":"https:\/\/api.w.org\/{rel}","templated":true}]}}