{"id":22619,"date":"2025-08-09T17:10:12","date_gmt":"2025-08-09T17:10:12","guid":{"rendered":"https:\/\/www.europesays.com\/pt\/22619\/"},"modified":"2025-08-09T17:10:12","modified_gmt":"2025-08-09T17:10:12","slug":"arteta-elogia-entrega-de-gyokeres-e-garante-que-estara-pronto-para-a-premier","status":"publish","type":"post","link":"https:\/\/www.europesays.com\/pt\/22619\/","title":{"rendered":"Arteta elogia entrega de Gy\u00f6keres e garante que estar\u00e1 pronto para a Premier"},"content":{"rendered":"<p><a target=\"_black\" style=\"font-weight: bold;\" href=\"https:\/\/www.zerozero.pt\/treinador\/mikel-arteta\/23993\" rel=\"nofollow noopener\">Mikel Arteta<\/a> mostrou-se satisfeito com os primeiros passos de <a target=\"_black\" style=\"font-weight: bold;\" href=\"https:\/\/www.zerozero.pt\/jogador\/viktor-gyoekeres\/473956\" rel=\"nofollow noopener\">Viktor Gy\u00f6keres<\/a> no <a target=\"_black\" style=\"font-weight: bold;\" href=\"https:\/\/www.zerozero.pt\/equipa\/arsenal\" rel=\"nofollow noopener\">Arsenal<\/a> e garantiu que o avan\u00e7ado sueco vai chegar ao arranque da Premier League no ponto certo. O treinador espanhol destacou a import\u00e2ncia de ter dado ao ex-<a target=\"_black\" style=\"font-weight: bold;\" href=\"https:\/\/www.zerozero.pt\/equipa\/sporting\" rel=\"nofollow noopener\">Sporting<\/a> a titularidade no particular frente ao <a target=\"_black\" style=\"font-weight: bold;\" href=\"https:\/\/www.zerozero.pt\/equipa\/villarreal\" rel=\"nofollow noopener\">Villarreal<\/a>, mesmo com poucos treinos nas pernas.<\/p>\n<p>Veja Tamb\u00e9m<\/p>\n<p>\u00abEra importante para ele ser titular e come\u00e7ar um jogo de in\u00edcio. Acho que compreende o que precisa de fazer para estar a 100%. Ele est\u00e1 t\u00e3o entregue ao trabalho e confiante, que n\u00e3o tenho d\u00favidas de que estar\u00e1 pronto\u00bb, afirmou o treinador, em declara\u00e7\u00f5es aos canais do clube.<\/p>\n<p>Gy\u00f6keres, que apenas se juntou ao plantel a 25 de julho, procurar\u00e1 recuperar o tempo perdido em rela\u00e7\u00e3o aos colegas, que come\u00e7aram a pr\u00e9-\u00e9poca no dia 12. Al\u00e9m disso, o avan\u00e7ado n\u00e3o se apresentou na pr\u00e9-temporada do Sporting, pelo que tem a prepara\u00e7\u00e3o bastante atrasada.\u00a0<\/p>\n<p>\u00a0Na estreia com a camisola gunner, o sueco foi titular no duelo com o Villarreal, saindo aos 63 minutos na derrota por 2-3. O primeiro teste oficial ser\u00e1 j\u00e1 a 13 de agosto, frente ao <a target=\"_black\" style=\"font-weight: bold;\" href=\"https:\/\/www.zerozero.pt\/equipa\/manchester-united\" rel=\"nofollow noopener\">Manchester United<\/a> de <a target=\"_black\" style=\"font-weight: bold;\" href=\"https:\/\/www.zerozero.pt\/treinador\/ruben-amorim\/31233\" rel=\"nofollow noopener\">R\u00faben Amorim<\/a>, naquele que promete ser um dos grandes jogos da jornada inaugural.<\/p>\n<p>\u00a0<\/p>\n<p><a href=\"https:\/\/www.zerozero.pt\/transfers.php\" rel=\"nofollow noopener\" target=\"_blank\"><img decoding=\"async\" src=\"https:\/\/www.zerozero.pt\/img\/banner_feed.svg?v=1754672408\" alt=\"\" class=\"w-full\"\/><\/a><\/p>\n","protected":false},"excerpt":{"rendered":"Mikel Arteta mostrou-se satisfeito com os primeiros passos de Viktor Gy\u00f6keres no Arsenal e garantiu que o avan\u00e7ado&hellip;\n","protected":false},"author":2,"featured_media":22620,"comment_status":"","ping_status":"","sticky":false,"template":"","format":"standard","meta":{"footnotes":""},"categories":[87],"tags":[135,526,524,13,32,33,527,525,134,523],"class_list":{"0":"post-22619","1":"post","2":"type-post","3":"status-publish","4":"format-standard","5":"has-post-thumbnail","7":"category-desporto","8":"tag-desporto","9":"tag-football","10":"tag-futebol","11":"tag-noticias","12":"tag-portugal","13":"tag-pt","14":"tag-resultados","15":"tag-soccer","16":"tag-sports","17":"tag-zerozero"},"share_on_mastodon":{"url":"","error":""},"_links":{"self":[{"href":"https:\/\/www.europesays.com\/pt\/wp-json\/wp\/v2\/posts\/22619","targetHints":{"allow":["GET"]}}],"collection":[{"href":"https:\/\/www.europesays.com\/pt\/wp-json\/wp\/v2\/posts"}],"about":[{"href":"https:\/\/www.europesays.com\/pt\/wp-json\/wp\/v2\/types\/post"}],"author":[{"embeddable":true,"href":"https:\/\/www.europesays.com\/pt\/wp-json\/wp\/v2\/users\/2"}],"replies":[{"embeddable":true,"href":"https:\/\/www.europesays.com\/pt\/wp-json\/wp\/v2\/comments?post=22619"}],"version-history":[{"count":0,"href":"https:\/\/www.europesays.com\/pt\/wp-json\/wp\/v2\/posts\/22619\/revisions"}],"wp:featuredmedia":[{"embeddable":true,"href":"https:\/\/www.europesays.com\/pt\/wp-json\/wp\/v2\/media\/22620"}],"wp:attachment":[{"href":"https:\/\/www.europesays.com\/pt\/wp-json\/wp\/v2\/media?parent=22619"}],"wp:term":[{"taxonomy":"category","embeddable":true,"href":"https:\/\/www.europesays.com\/pt\/wp-json\/wp\/v2\/categories?post=22619"},{"taxonomy":"post_tag","embeddable":true,"href":"https:\/\/www.europesays.com\/pt\/wp-json\/wp\/v2\/tags?post=22619"}],"curies":[{"name":"wp","href":"https:\/\/api.w.org\/{rel}","templated":true}]}}