{"id":226191,"date":"2026-01-12T14:51:11","date_gmt":"2026-01-12T14:51:11","guid":{"rendered":"https:\/\/www.europesays.com\/pt\/226191\/"},"modified":"2026-01-12T14:51:11","modified_gmt":"2026-01-12T14:51:11","slug":"o-que-eu-tenho-pra-dizer-e","status":"publish","type":"post","link":"https:\/\/www.europesays.com\/pt\/226191\/","title":{"rendered":"&#8216;O que eu tenho pra dizer \u00e9&#8230;&#8217;"},"content":{"rendered":"<p>\n                        Fant\u00e1stico exibiu o reencontro de jovem com amiga ap\u00f3s pol\u00eamica em trilha\n                    <\/p>\n<ul class=\"article__header__author\">\n<li class=\"article__header__author__item\">\n                                                Por:<br \/>\n                                                                                    Guilherme Rodrigues \/ Contigo\n                                                                        <\/li>\n<\/ul>\n<p class=\"text\">Neste domingo (11), o Fant\u00e1stico exibiu uma mat\u00e9ria que mostrou o reencontro de <strong>Roberto Farias<\/strong> com <strong>Thayane Smith<\/strong>. O jovem de 19 anos passou cinco dias perdido na Serra do Mar, no Paran\u00e1, ap\u00f3s se separar da amiga durante uma trilha no Pico Paran\u00e1, o ponto considerado o mais alto do Sul do Brasil.<\/p>\n<p><img loading=\"lazy\" decoding=\"async\" alt=\"Roberto Farias com Thayane Smith no Fant\u00e1stico (Reprodu\u00e7\u00e3o\/TV Globo)\" class=\"img-35dfe3d3772f4d9d384afedd847100aexlsulu9f\" height=\"435\" src=\"https:\/\/www.europesays.com\/pt\/wp-content\/uploads\/2026\/01\/131353753-roberto-farias-com-thayane-smith-no-fantastico.jpg\"  title=\"Roberto Farias com Thayane Smith no Fant\u00e1stico (Reprodu\u00e7\u00e3o\/TV Globo)\" width=\"774\"\/><\/p>\n<p>Roberto Farias com Thayane Smith no Fant\u00e1stico (Reprodu\u00e7\u00e3o\/TV Globo)<\/p>\n<p>Foto: Contigo<\/p>\n<p>ABANDONADO<\/p>\n<p class=\"text\">Na descida do local, Roberto passou mal e Thayane seguiu com outro grupo, abandonando o parceiro. &#8220;Tentei subir de volta com toda a for\u00e7a, gritava por socorro, mas n\u00e3o conseguia&#8221;, relatou o rapaz para o programa da TV Globo. Roberto andou por mais de 20 quil\u00f4metros at\u00e9 encontrar uma fazenda, onde pediu socorro.<\/p>\n<p>REENCONTRO<\/p>\n<p class=\"text\">O Fant\u00e1stico decidiu promover o reencontro entre Roberto e Thayane. &#8220;Desculpa por ter deixado voc\u00ea para tr\u00e1s, eu n\u00e3o imaginei que isso ia acontecer&#8221;, disse a jovem. &#8220;Olha, eu pe\u00e7o a Deus que ele tenha te deixado no acampamento bem e salva&#8221;, rebateu o rapaz.<\/p>\n<p class=\"text\">&#8220;Eu confiei em voc\u00ea. A tua bolsa, eu t\u00f4 entregando ela com umas coisas que est\u00e3o dentro. E o que eu tenho pra dizer \u00e9 se cuida, Deus te aben\u00e7oe muito, t\u00e1? E o nosso la\u00e7o se encerra aqui&#8221;, definiu Farias. &#8220;T\u00e1 bom. Adeus&#8221;, concluiu Smith.<\/p>\n<p>COMENT\u00c1RIOS<\/p>\n<p class=\"text\">Nas redes sociais, o momento do formato repercutiu. &#8220;\u00c9 n\u00edtido que ele estava p*to e ela passou vergonha. Tentou pedir desculpas antes da grava\u00e7\u00e3o e ele nem atendeu. Foi toda montada pra levar um toco. O cara \u00e9 fera, sobreviveu, foi educado com ela e cortou rela\u00e7\u00e3o&#8221;, apontou um internauta no X, antigo Twitter.<\/p>\n<p class=\"text\">&#8220;Foi muito louca essa reportagem. No final ele entregando a bolsa e falando q n\u00e3o quer mais ver ela na vida praticamente&#8221;, analisou outro. &#8220;Fez cabelo, meteu um vestido vermelho, um salto e foi com a cara e a coragem&#8221;, debochou uma terceira. &#8220;Agora \u00e9 s\u00f3 aguardar ela ser anunciada na pr\u00f3xima edi\u00e7\u00e3o de A Fazenda&#8221;, ironizou outra.<\/p>\n<blockquote class=\"twitter-tweet\" id=\"2010501387927371997?ref_src=twsrc%5Etfw\">\n<p class=\"text\" dir=\"ltr\" lang=\"pt\">ai o que foi isso aqui kkkkkkkkkkkkkkkkkkkkkkkkkkkkkkkkkkkkkkkkkkkkkkkkkkkkkkkkk <a href=\"https:\/\/twitter.com\/hashtag\/Fant%C3%A1stico?src=hash&amp;ref_src=twsrc%5Etfw\" target=\"_blank\" rel=\"nofollow noopener\">#Fant\u00e1stico<\/a> <a href=\"https:\/\/t.co\/ZuAqjNVI8O\" target=\"_blank\" rel=\"nofollow\">pic.twitter.com\/ZuAqjNVI8O<\/a><\/p>\n<p class=\"text\">\u2014 BBBabi (@babi) <a href=\"https:\/\/twitter.com\/babi\/status\/2010501387927371997?ref_src=twsrc%5Etfw\" target=\"_blank\" rel=\"nofollow noopener\">January 11, 2026<\/a><\/p>\n<\/blockquote>\n<p>                            <script async src=\"https:\/\/platform.twitter.com\/widgets.js\" charset=\"utf-8\"><\/script><\/p>\n","protected":false},"excerpt":{"rendered":"Fant\u00e1stico exibiu o reencontro de jovem com amiga ap\u00f3s pol\u00eamica em trilha Por: Guilherme Rodrigues \/ Contigo Neste&hellip;\n","protected":false},"author":2,"featured_media":226192,"comment_status":"","ping_status":"","sticky":false,"template":"","format":"standard","meta":{"footnotes":""},"categories":[142],"tags":[114,115,32,33,151],"class_list":{"0":"post-226191","1":"post","2":"type-post","3":"status-publish","4":"format-standard","5":"has-post-thumbnail","7":"category-tv","8":"tag-entertainment","9":"tag-entretenimento","10":"tag-portugal","11":"tag-pt","12":"tag-tv"},"share_on_mastodon":{"url":"https:\/\/pubeurope.com\/@pt\/115882693922969079","error":""},"_links":{"self":[{"href":"https:\/\/www.europesays.com\/pt\/wp-json\/wp\/v2\/posts\/226191","targetHints":{"allow":["GET"]}}],"collection":[{"href":"https:\/\/www.europesays.com\/pt\/wp-json\/wp\/v2\/posts"}],"about":[{"href":"https:\/\/www.europesays.com\/pt\/wp-json\/wp\/v2\/types\/post"}],"author":[{"embeddable":true,"href":"https:\/\/www.europesays.com\/pt\/wp-json\/wp\/v2\/users\/2"}],"replies":[{"embeddable":true,"href":"https:\/\/www.europesays.com\/pt\/wp-json\/wp\/v2\/comments?post=226191"}],"version-history":[{"count":0,"href":"https:\/\/www.europesays.com\/pt\/wp-json\/wp\/v2\/posts\/226191\/revisions"}],"wp:featuredmedia":[{"embeddable":true,"href":"https:\/\/www.europesays.com\/pt\/wp-json\/wp\/v2\/media\/226192"}],"wp:attachment":[{"href":"https:\/\/www.europesays.com\/pt\/wp-json\/wp\/v2\/media?parent=226191"}],"wp:term":[{"taxonomy":"category","embeddable":true,"href":"https:\/\/www.europesays.com\/pt\/wp-json\/wp\/v2\/categories?post=226191"},{"taxonomy":"post_tag","embeddable":true,"href":"https:\/\/www.europesays.com\/pt\/wp-json\/wp\/v2\/tags?post=226191"}],"curies":[{"name":"wp","href":"https:\/\/api.w.org\/{rel}","templated":true}]}}