{"id":226202,"date":"2026-01-12T15:00:32","date_gmt":"2026-01-12T15:00:32","guid":{"rendered":"https:\/\/www.europesays.com\/pt\/226202\/"},"modified":"2026-01-12T15:00:32","modified_gmt":"2026-01-12T15:00:32","slug":"gnr-apanha-quatro-individuos-em-flagrante-por-furto-de-fio-de-cobre","status":"publish","type":"post","link":"https:\/\/www.europesays.com\/pt\/226202\/","title":{"rendered":"GNR apanha quatro indiv\u00edduos em flagrante por furto de fio de cobre"},"content":{"rendered":"<p>A Guarda Nacional Republicana (<a href=\"https:\/\/www.gnr.pt\/\" target=\"_blank\" rel=\"noreferrer noopener nofollow\">GNR<\/a>) deteve, no dia 9 de janeiro de 2026, quatro indiv\u00edduos em flagrante delito por furto de fio de cobre, no distrito de <a href=\"https:\/\/odigital.sapo.pt\/tag\/beja\/\" id=\"s-a-embed-0\" data-type=\"post_tag\" data-id=\"100\" rel=\"nofollow noopener\" target=\"_blank\">Beja<\/a>, anunciou a for\u00e7a de seguran\u00e7a.<\/p>\n<p>Segundo a GNR, os suspeitos foram intercetados no momento em que se encontravam a furtar fio de cobre. A a\u00e7\u00e3o policial permitiu travar o il\u00edcito e proceder \u00e0 deten\u00e7\u00e3o imediata dos quatro indiv\u00edduos envolvidos.<\/p>\n<p>No decurso da opera\u00e7\u00e3o, foram apreendidos 381 metros de fio de cobre, um ve\u00edculo autom\u00f3vel e dois telem\u00f3veis, material que se encontrava na posse dos detidos.<\/p>\n<p>Os detidos foram presentes esta sexta-feira, 10 de janeiro de 2026, ao Tribunal Judicial de Ourique, onde foram sujeitos a primeiro interrogat\u00f3rio judicial.<\/p>\n","protected":false},"excerpt":{"rendered":"A Guarda Nacional Republicana (GNR) deteve, no dia 9 de janeiro de 2026, quatro indiv\u00edduos em flagrante delito&hellip;\n","protected":false},"author":2,"featured_media":226203,"comment_status":"","ping_status":"","sticky":false,"template":"","format":"standard","meta":{"footnotes":""},"categories":[10],"tags":[27,28,15,16,14,25,26,21,22,12,13,19,20,32,23,24,33,17,18,29,30,31],"class_list":{"0":"post-226202","1":"post","2":"type-post","3":"status-publish","4":"format-standard","5":"has-post-thumbnail","7":"category-portugal","8":"tag-breaking-news","9":"tag-breakingnews","10":"tag-featured-news","11":"tag-featurednews","12":"tag-headlines","13":"tag-latest-news","14":"tag-latestnews","15":"tag-main-news","16":"tag-mainnews","17":"tag-news","18":"tag-noticias","19":"tag-noticias-principais","20":"tag-noticiasprincipais","21":"tag-portugal","22":"tag-principais-noticias","23":"tag-principaisnoticias","24":"tag-pt","25":"tag-top-stories","26":"tag-topstories","27":"tag-ultimas","28":"tag-ultimas-noticias","29":"tag-ultimasnoticias"},"share_on_mastodon":{"url":"https:\/\/pubeurope.com\/@pt\/115882729321133370","error":""},"_links":{"self":[{"href":"https:\/\/www.europesays.com\/pt\/wp-json\/wp\/v2\/posts\/226202","targetHints":{"allow":["GET"]}}],"collection":[{"href":"https:\/\/www.europesays.com\/pt\/wp-json\/wp\/v2\/posts"}],"about":[{"href":"https:\/\/www.europesays.com\/pt\/wp-json\/wp\/v2\/types\/post"}],"author":[{"embeddable":true,"href":"https:\/\/www.europesays.com\/pt\/wp-json\/wp\/v2\/users\/2"}],"replies":[{"embeddable":true,"href":"https:\/\/www.europesays.com\/pt\/wp-json\/wp\/v2\/comments?post=226202"}],"version-history":[{"count":0,"href":"https:\/\/www.europesays.com\/pt\/wp-json\/wp\/v2\/posts\/226202\/revisions"}],"wp:featuredmedia":[{"embeddable":true,"href":"https:\/\/www.europesays.com\/pt\/wp-json\/wp\/v2\/media\/226203"}],"wp:attachment":[{"href":"https:\/\/www.europesays.com\/pt\/wp-json\/wp\/v2\/media?parent=226202"}],"wp:term":[{"taxonomy":"category","embeddable":true,"href":"https:\/\/www.europesays.com\/pt\/wp-json\/wp\/v2\/categories?post=226202"},{"taxonomy":"post_tag","embeddable":true,"href":"https:\/\/www.europesays.com\/pt\/wp-json\/wp\/v2\/tags?post=226202"}],"curies":[{"name":"wp","href":"https:\/\/api.w.org\/{rel}","templated":true}]}}