{"id":226204,"date":"2026-01-12T15:02:05","date_gmt":"2026-01-12T15:02:05","guid":{"rendered":"https:\/\/www.europesays.com\/pt\/226204\/"},"modified":"2026-01-12T15:02:05","modified_gmt":"2026-01-12T15:02:05","slug":"padre-dj-guilherme-agita-beirute-e-divide-opinioes-no-libano-libano-2","status":"publish","type":"post","link":"https:\/\/www.europesays.com\/pt\/226204\/","title":{"rendered":"Padre DJ Guilherme agita Beirute e divide opini\u00f5es no L\u00edbano | L\u00edbano"},"content":{"rendered":"<p>H\u00e1 dias que o L\u00edbano fervia em torno de um debate pouco comum: at\u00e9 que ponto a visita do <a href=\"https:\/\/www.publico.pt\/2019\/07\/18\/sociedade\/noticia\/padre-passa-verao-comandos-mesa-mistura-1879554\" rel=\"nofollow noopener\" target=\"_blank\">padre DJ portugu\u00eas Guilherme Peixoto<\/a>, que uniu a rever\u00eancia do altar \u00e0s batidas electr\u00f3nicas, podia ferir os c\u00e2nones religiosos.<\/p>\n<p>A celeuma juntou 18 pessoas, entre as quais membros da igreja cat\u00f3lica libanesa, numa ac\u00e7\u00e3o legal que exortava a justi\u00e7a a cancelar o concerto, alegando que o evento \u201cviola os costumes e ensinamentos da Igreja\u201d e distorce \u201ca imagem da religi\u00e3o crist\u00e3 e dos seus ritos\u201d.<\/p>\n<p>Mas a Justi\u00e7a libanesa rejeitou o pedido, noticiou o <a href=\"https:\/\/today.lorientlejour.com\/article\/1491004\/a-priest-some-techno-and-a-very-lebanese-scandal.html\" target=\"_blank\" rel=\"nofollow noopener\">L<\/a>\u2019\u200b<a href=\"https:\/\/today.lorientlejour.com\/article\/1491004\/a-priest-some-techno-and-a-very-lebanese-scandal.html\" target=\"_blank\" rel=\"nofollow noopener\">Orient Today<\/a>, afirmando que os autores da queixa n\u00e3o tinham qualquer autoridade oficial para exigir a proibi\u00e7\u00e3o, e a ritmada missa acabou mesmo por se concretizar.<\/p>\n<p>O singular programa arrancou pelas 17h locais (15h, em Lisboa) deste s\u00e1bado, no campus da Universidade do Esp\u00edrito Santo, com o padre Guilherme a celebrar a eucaristia para, logo a seguir, assumir a mesa de mistura at\u00e9 \u00e0s 22h30. E, com os bilhetes esgotados, o concerto foi um sucesso, deixando para tr\u00e1s, mais uma vez, as vozes que se erguem contra associar religi\u00e3o e tecno.<\/p>\n<p>        &#13;<\/p>\n<blockquote class=\"instagram-media\" data-instgrm-permalink=\"https:\/\/www.instagram.com\/reel\/DTXpyy_iDjB\/?utm_source=ig_embed&amp;utm_campaign=loading\" data-instgrm-version=\"14\" style=\" background:#FFF; border:0; border-radius:3px; box-shadow:0 0 1px 0 rgba(0,0,0,0.5),0 1px 10px 0 rgba(0,0,0,0.15); margin: 1px; max-width:540px; min-width:326px; padding:0; width:99.375%; width:-webkit-calc(100% - 2px); width:calc(100% - 2px);\"\/><p>&#13;<br \/>\n&#13;<\/p>\n<p>Guilherme Peixoto, de 51 anos e natural de Guimar\u00e3es, tornou-se uma estrela global ao unir o espiritual e o electr\u00f3nico. H\u00e1 20 anos, anima multid\u00f5es misturando hinos e batidas tecno \u2014 e a sua presen\u00e7a tornou-se viral. No <a href=\"https:\/\/www.instagram.com\/padre.guilherme\/\" target=\"_blank\" rel=\"nofollow noopener\">Instagram<\/a>, onde soma mais de 2,6 milh\u00f5es de seguidores, \u00e9 t\u00e3o seguido por fi\u00e9is quanto por f\u00e3s do som.<\/p>\n<p>Mas, como em qualquer bom debate, as redes sociais est\u00e3o divididas. H\u00e1 quem aplauda o estilo irreverente do \u201cpadre das batidas\u201d, e veja nele uma lufada de ar fresco para a Igreja, e quem considere que misturar tecno e teologia \u00e9 \u201cpouco cat\u00f3lico\u201d.<\/p>\n<p>            <script async src=\"\/\/www.instagram.com\/embed.js\"><\/script><\/p>\n","protected":false},"excerpt":{"rendered":"H\u00e1 dias que o L\u00edbano fervia em torno de um debate pouco comum: at\u00e9 que ponto a visita&hellip;\n","protected":false},"author":2,"featured_media":224889,"comment_status":"","ping_status":"","sticky":false,"template":"","format":"standard","meta":{"footnotes":""},"categories":[8],"tags":[995,27,28,43328,15,16,14,545,708,25,26,1516,21,22,150,12,13,19,20,32,23,24,33,4516,17,18,29,30,31],"class_list":{"0":"post-226204","1":"post","2":"type-post","3":"status-publish","4":"format-standard","5":"has-post-thumbnail","7":"category-principais-noticias","8":"tag-abre-conteudo","9":"tag-breaking-news","10":"tag-breakingnews","11":"tag-dj","12":"tag-featured-news","13":"tag-featurednews","14":"tag-headlines","15":"tag-igreja-catolica","16":"tag-impar","17":"tag-latest-news","18":"tag-latestnews","19":"tag-libano","20":"tag-main-news","21":"tag-mainnews","22":"tag-musica","23":"tag-news","24":"tag-noticias","25":"tag-noticias-principais","26":"tag-noticiasprincipais","27":"tag-portugal","28":"tag-principais-noticias","29":"tag-principaisnoticias","30":"tag-pt","31":"tag-religiao","32":"tag-top-stories","33":"tag-topstories","34":"tag-ultimas","35":"tag-ultimas-noticias","36":"tag-ultimasnoticias"},"share_on_mastodon":{"url":"https:\/\/pubeurope.com\/@pt\/115882737404729585","error":""},"_links":{"self":[{"href":"https:\/\/www.europesays.com\/pt\/wp-json\/wp\/v2\/posts\/226204","targetHints":{"allow":["GET"]}}],"collection":[{"href":"https:\/\/www.europesays.com\/pt\/wp-json\/wp\/v2\/posts"}],"about":[{"href":"https:\/\/www.europesays.com\/pt\/wp-json\/wp\/v2\/types\/post"}],"author":[{"embeddable":true,"href":"https:\/\/www.europesays.com\/pt\/wp-json\/wp\/v2\/users\/2"}],"replies":[{"embeddable":true,"href":"https:\/\/www.europesays.com\/pt\/wp-json\/wp\/v2\/comments?post=226204"}],"version-history":[{"count":0,"href":"https:\/\/www.europesays.com\/pt\/wp-json\/wp\/v2\/posts\/226204\/revisions"}],"wp:featuredmedia":[{"embeddable":true,"href":"https:\/\/www.europesays.com\/pt\/wp-json\/wp\/v2\/media\/224889"}],"wp:attachment":[{"href":"https:\/\/www.europesays.com\/pt\/wp-json\/wp\/v2\/media?parent=226204"}],"wp:term":[{"taxonomy":"category","embeddable":true,"href":"https:\/\/www.europesays.com\/pt\/wp-json\/wp\/v2\/categories?post=226204"},{"taxonomy":"post_tag","embeddable":true,"href":"https:\/\/www.europesays.com\/pt\/wp-json\/wp\/v2\/tags?post=226204"}],"curies":[{"name":"wp","href":"https:\/\/api.w.org\/{rel}","templated":true}]}}