{"id":226207,"date":"2026-01-12T15:06:08","date_gmt":"2026-01-12T15:06:08","guid":{"rendered":"https:\/\/www.europesays.com\/pt\/226207\/"},"modified":"2026-01-12T15:06:08","modified_gmt":"2026-01-12T15:06:08","slug":"kina-sobre-a-sua-relacao-com-os-recrutas-na-1-a-companhia-eu-era-muito-forte-tinha-que-ser-abatida-dois-as-10","status":"publish","type":"post","link":"https:\/\/www.europesays.com\/pt\/226207\/","title":{"rendered":"Kina sobre a sua rela\u00e7\u00e3o com os recrutas na \u201c1.\u00aa Companhia\u201d: \u201cEu era muito forte, tinha que ser abatida\u201d &#8211; Dois \u00e0s 10"},"content":{"rendered":"<p>No <a href=\"https:\/\/tvi.iol.pt\/doisas10\/\" rel=\"nofollow noopener\" target=\"_blank\">\u201cDois\u00a0\u00e0s\u00a010\u201d<\/a>, No \u201cDois \u00e0s 10\u201d, Kina falou com Cl\u00e1udio Ramos na sequ\u00eancia da sua sa\u00edda da \u201c1.\u00aa Companhia\u201d, partilhando de forma sincera e emotiva os desafios e obst\u00e1culos que enfrentou ao longo do reality show. A ex-recruta mostrou-se visivelmente abalada e confessou sentir frustra\u00e7\u00e3o e injusti\u00e7a perante a nomea\u00e7\u00e3o direta imposta pelo comandante. No entanto, foi um outro momento inesperado da entrevista, carregado de intensidade e emo\u00e7\u00e3o, que acabou por marcar a conversa, oferecendo aos telespectadores uma perspetiva mais \u00edntima, humana e profunda da ex-recruta.<\/p>\n","protected":false},"excerpt":{"rendered":"No \u201cDois\u00a0\u00e0s\u00a010\u201d, No \u201cDois \u00e0s 10\u201d, Kina falou com Cl\u00e1udio Ramos na sequ\u00eancia da sua sa\u00edda da \u201c1.\u00aa&hellip;\n","protected":false},"author":2,"featured_media":226208,"comment_status":"","ping_status":"","sticky":false,"template":"","format":"standard","meta":{"footnotes":""},"categories":[142],"tags":[31659,329,166,3412,3406,3409,801,3410,3411,3407,3408,114,115,672,3413,338,32,33,151],"class_list":{"0":"post-226207","1":"post","2":"type-post","3":"status-publish","4":"format-standard","5":"has-post-thumbnail","7":"category-tv","8":"tag-1-a-companhia","9":"tag-claudio-ramos","10":"tag-cristina-ferreira","11":"tag-dois-10","12":"tag-dois-a-s-10-dois-a-s-10","13":"tag-dois-a-s-dez","14":"tag-dois-as-10","15":"tag-dois-as-dez","16":"tag-dois-dez","17":"tag-doisas10","18":"tag-doisasdez","19":"tag-entertainment","20":"tag-entretenimento","21":"tag-kina","22":"tag-manha-tvi","23":"tag-maria-botelho-moniz","24":"tag-portugal","25":"tag-pt","26":"tag-tv"},"share_on_mastodon":{"url":"https:\/\/pubeurope.com\/@pt\/115882752815990796","error":""},"_links":{"self":[{"href":"https:\/\/www.europesays.com\/pt\/wp-json\/wp\/v2\/posts\/226207","targetHints":{"allow":["GET"]}}],"collection":[{"href":"https:\/\/www.europesays.com\/pt\/wp-json\/wp\/v2\/posts"}],"about":[{"href":"https:\/\/www.europesays.com\/pt\/wp-json\/wp\/v2\/types\/post"}],"author":[{"embeddable":true,"href":"https:\/\/www.europesays.com\/pt\/wp-json\/wp\/v2\/users\/2"}],"replies":[{"embeddable":true,"href":"https:\/\/www.europesays.com\/pt\/wp-json\/wp\/v2\/comments?post=226207"}],"version-history":[{"count":0,"href":"https:\/\/www.europesays.com\/pt\/wp-json\/wp\/v2\/posts\/226207\/revisions"}],"wp:featuredmedia":[{"embeddable":true,"href":"https:\/\/www.europesays.com\/pt\/wp-json\/wp\/v2\/media\/226208"}],"wp:attachment":[{"href":"https:\/\/www.europesays.com\/pt\/wp-json\/wp\/v2\/media?parent=226207"}],"wp:term":[{"taxonomy":"category","embeddable":true,"href":"https:\/\/www.europesays.com\/pt\/wp-json\/wp\/v2\/categories?post=226207"},{"taxonomy":"post_tag","embeddable":true,"href":"https:\/\/www.europesays.com\/pt\/wp-json\/wp\/v2\/tags?post=226207"}],"curies":[{"name":"wp","href":"https:\/\/api.w.org\/{rel}","templated":true}]}}