{"id":226211,"date":"2026-01-12T15:10:19","date_gmt":"2026-01-12T15:10:19","guid":{"rendered":"https:\/\/www.europesays.com\/pt\/226211\/"},"modified":"2026-01-12T15:10:19","modified_gmt":"2026-01-12T15:10:19","slug":"atencao-redobrada-no-calor-prevencao-contra-a-raiva-segue-como-prioridade-no-parana","status":"publish","type":"post","link":"https:\/\/www.europesays.com\/pt\/226211\/","title":{"rendered":"Aten\u00e7\u00e3o redobrada no calor: preven\u00e7\u00e3o contra a raiva segue como prioridade no Paran\u00e1"},"content":{"rendered":"<p>\u00a0 Com a chegada dos meses mais quentes, aumenta a circula\u00e7\u00e3o de morcegos nas \u00e1reas urbanas e rurais, o que exige maior cuidado da popula\u00e7\u00e3o. Esse per\u00edodo coincide com a fase reprodutiva desses animais e, consequentemente, com o crescimento de situa\u00e7\u00f5es de contato acidental. Mesmo sem registros recentes de raiva humana no Paran\u00e1 \u2014 o \u00faltimo caso com origem no pr\u00f3prio estado ocorreu em 1987 \u2014 a vigil\u00e2ncia e a preven\u00e7\u00e3o continuam sendo fundamentais. \u00a0<\/p>\n<p>\u00a0\u00a0Levantamento preliminar da Secretaria de Estado da Sa\u00fade (Sesa) aponta que, ao longo de 2025, foram identificados 59 morcegos com resultado positivo para raiva no Paran\u00e1, n\u00famero inferior ao registrado no ano anterior, quando 82 animais testaram positivo. J\u00e1 entre os herb\u00edvoros, como bovinos, equinos, ovinos e caprinos, houve aumento: foram 216 ocorr\u00eancias em 2025, frente a 203 em 2024.\u00a0\u00a0<\/p>\n<p>\u00a0\u00a0A raiva \u00e9 uma infec\u00e7\u00e3o viral grave, transmitida por meio da saliva de mam\u00edferos infectados, geralmente por mordidas, arranh\u00f5es ou at\u00e9 mesmo contato direto. Segundo o secret\u00e1rio estadual da Sa\u00fade, Beto Preto, trata-se de uma doen\u00e7a altamente letal, o que torna a preven\u00e7\u00e3o a principal estrat\u00e9gia de prote\u00e7\u00e3o. \u201cEvitar a exposi\u00e7\u00e3o e buscar atendimento imediato s\u00e3o medidas decisivas para salvar vidas\u201d, refor\u00e7a.\u00a0\u00a0<\/p>\n<p>\u00a0\u00a0Diante de qualquer agress\u00e3o provocada por animais \u2014 sejam morcegos, c\u00e3es, gatos ou outros mam\u00edferos \u2014 a orienta\u00e7\u00e3o \u00e9 agir rapidamente. O local do ferimento deve ser lavado com \u00e1gua corrente e sab\u00e3o, seguido da aplica\u00e7\u00e3o de antiss\u00e9ptico. Em seguida, a pessoa deve procurar um servi\u00e7o de sa\u00fade o quanto antes para avalia\u00e7\u00e3o e, se necess\u00e1rio, in\u00edcio do tratamento preventivo com vacina e\/ou soro.\u00a0\u00a0<\/p>\n<p>\u00a0\u00a0No caso espec\u00edfico dos morcegos, o alerta \u00e9 ainda maior: apenas o contato direto com o animal pode representar risco de transmiss\u00e3o. Por isso, situa\u00e7\u00f5es como encontrar morcegos ca\u00eddos no ch\u00e3o, dentro de resid\u00eancias ou ativos durante o dia devem ser tratadas com cautela, sem qualquer tentativa de manuseio.\u00a0\u00a0<\/p>\n<p>\u00a0\u00a0Quando a agress\u00e3o envolver c\u00e3es ou gatos, \u00e9 recomendado, sempre que poss\u00edvel, manter o animal sob observa\u00e7\u00e3o por um per\u00edodo de 10 dias. Caso ele apresente sinais de doen\u00e7a, desapare\u00e7a ou morra, o servi\u00e7o de sa\u00fade deve ser comunicado imediatamente para reavalia\u00e7\u00e3o do risco.\u00a0\u00a0<\/p>\n<p>\u00a0\u00a0A vacina\u00e7\u00e3o anual de c\u00e3es e gatos continua sendo uma das medidas mais eficazes para interromper o ciclo da raiva e proteger tamb\u00e9m os seres humanos. J\u00e1 em rela\u00e7\u00e3o a animais silvestres ou de origem desconhecida, a recomenda\u00e7\u00e3o \u00e9 n\u00e3o se aproximar, especialmente quando estiverem com filhotes, se alimentando ou em repouso.\u00a0\u00a0<\/p>\n<p>\u00a0\u00a0A ado\u00e7\u00e3o de cuidados simples e a busca r\u00e1pida por orienta\u00e7\u00e3o m\u00e9dica s\u00e3o essenciais para manter a raiva sob controle e garantir a seguran\u00e7a da popula\u00e7\u00e3o paranaense.\u00a0\u00a0<\/p>\n<p>\u00a0\u00a0(Reda\u00e7\u00e3o com AEN)\u00a0\u00a0<\/p>\n<p>Compartilhe nas Redes Sociais:<\/p>\n","protected":false},"excerpt":{"rendered":"\u00a0 Com a chegada dos meses mais quentes, aumenta a circula\u00e7\u00e3o de morcegos nas \u00e1reas urbanas e rurais,&hellip;\n","protected":false},"author":2,"featured_media":226212,"comment_status":"","ping_status":"","sticky":false,"template":"","format":"standard","meta":{"footnotes":""},"categories":[86],"tags":[116,32,33,117],"class_list":{"0":"post-226211","1":"post","2":"type-post","3":"status-publish","4":"format-standard","5":"has-post-thumbnail","7":"category-saude","8":"tag-health","9":"tag-portugal","10":"tag-pt","11":"tag-saude"},"share_on_mastodon":{"url":"https:\/\/pubeurope.com\/@pt\/115882768775987710","error":""},"_links":{"self":[{"href":"https:\/\/www.europesays.com\/pt\/wp-json\/wp\/v2\/posts\/226211","targetHints":{"allow":["GET"]}}],"collection":[{"href":"https:\/\/www.europesays.com\/pt\/wp-json\/wp\/v2\/posts"}],"about":[{"href":"https:\/\/www.europesays.com\/pt\/wp-json\/wp\/v2\/types\/post"}],"author":[{"embeddable":true,"href":"https:\/\/www.europesays.com\/pt\/wp-json\/wp\/v2\/users\/2"}],"replies":[{"embeddable":true,"href":"https:\/\/www.europesays.com\/pt\/wp-json\/wp\/v2\/comments?post=226211"}],"version-history":[{"count":0,"href":"https:\/\/www.europesays.com\/pt\/wp-json\/wp\/v2\/posts\/226211\/revisions"}],"wp:featuredmedia":[{"embeddable":true,"href":"https:\/\/www.europesays.com\/pt\/wp-json\/wp\/v2\/media\/226212"}],"wp:attachment":[{"href":"https:\/\/www.europesays.com\/pt\/wp-json\/wp\/v2\/media?parent=226211"}],"wp:term":[{"taxonomy":"category","embeddable":true,"href":"https:\/\/www.europesays.com\/pt\/wp-json\/wp\/v2\/categories?post=226211"},{"taxonomy":"post_tag","embeddable":true,"href":"https:\/\/www.europesays.com\/pt\/wp-json\/wp\/v2\/tags?post=226211"}],"curies":[{"name":"wp","href":"https:\/\/api.w.org\/{rel}","templated":true}]}}