{"id":226213,"date":"2026-01-12T15:11:16","date_gmt":"2026-01-12T15:11:16","guid":{"rendered":"https:\/\/www.europesays.com\/pt\/226213\/"},"modified":"2026-01-12T15:11:16","modified_gmt":"2026-01-12T15:11:16","slug":"filho-de-david-beckham-envia-notificacao-extrajudicial-aos-pais","status":"publish","type":"post","link":"https:\/\/www.europesays.com\/pt\/226213\/","title":{"rendered":"Filho de David Beckham envia notifica\u00e7\u00e3o extrajudicial aos pais"},"content":{"rendered":"<p>                                <img decoding=\"async\" fetchpriority=\"high\" width=\"1280\" height=\"720\" src=\"https:\/\/www.europesays.com\/pt\/wp-content\/uploads\/2026\/01\/WhatsApp-Image-2025-04-09-at-17.11.43.jpeg\" alt=\"LONDON, ENGLAND - OCTOBER 03: (L-R) Harper Beckham, David Beckham and Victoria Beckham attend the Netflix 'Beckham' UK Premiere at The Curzon Mayfair on October 03, 2023 in London, England. (Photo by Karwai Tang\/WireImage)\" class=\"media \"\/>                David Beckham e fam\u00edlia\u00a0(Karwai Tang\/WireImage\/Getty Images)<\/p>\n<p>                    Continua ap\u00f3s publicidade<\/p>\n<p style=\"text-align: justify;\">O filho de <strong>Victoria<\/strong> e <a href=\"https:\/\/veja.abril.com.br\/coluna\/veja-gente\/david-beckham-se-torna-sir-e-ausencia-expoe-racha-da-familia\/\" rel=\"nofollow noopener\" target=\"_blank\"><strong>David Beckham<\/strong><\/a>, <strong>Brooklyn<\/strong>, enviou uma notifica\u00e7\u00e3o extrajudicial para os pais exigindo que o contato entre eles seja apenas por meio de advogados, sem intera\u00e7\u00e3o nas redes sociais ou contato direto. Recentemente, a m\u00e3e curtiu uma publica\u00e7\u00e3o do filho e, assim, violou o pedido. A briga come\u00e7ou ap\u00f3s o jovem defender a esposa, <strong>Nicola<\/strong>, que n\u00e3o \u00e9 querida pela fam\u00edlia. Os parentes n\u00e3o foram convidados para o casamento. As informa\u00e7\u00f5es sobre o jornal brit\u00e2nico The Telegraph.<\/p>\n","protected":false},"excerpt":{"rendered":"David Beckham e fam\u00edlia\u00a0(Karwai Tang\/WireImage\/Getty Images) Continua ap\u00f3s publicidade O filho de Victoria e David Beckham, Brooklyn, enviou&hellip;\n","protected":false},"author":2,"featured_media":226214,"comment_status":"","ping_status":"","sticky":false,"template":"","format":"standard","meta":{"footnotes":""},"categories":[85],"tags":[114,115,32,33],"class_list":{"0":"post-226213","1":"post","2":"type-post","3":"status-publish","4":"format-standard","5":"has-post-thumbnail","7":"category-entretenimento","8":"tag-entertainment","9":"tag-entretenimento","10":"tag-portugal","11":"tag-pt"},"share_on_mastodon":{"url":"https:\/\/pubeurope.com\/@pt\/115882772654227010","error":""},"_links":{"self":[{"href":"https:\/\/www.europesays.com\/pt\/wp-json\/wp\/v2\/posts\/226213","targetHints":{"allow":["GET"]}}],"collection":[{"href":"https:\/\/www.europesays.com\/pt\/wp-json\/wp\/v2\/posts"}],"about":[{"href":"https:\/\/www.europesays.com\/pt\/wp-json\/wp\/v2\/types\/post"}],"author":[{"embeddable":true,"href":"https:\/\/www.europesays.com\/pt\/wp-json\/wp\/v2\/users\/2"}],"replies":[{"embeddable":true,"href":"https:\/\/www.europesays.com\/pt\/wp-json\/wp\/v2\/comments?post=226213"}],"version-history":[{"count":0,"href":"https:\/\/www.europesays.com\/pt\/wp-json\/wp\/v2\/posts\/226213\/revisions"}],"wp:featuredmedia":[{"embeddable":true,"href":"https:\/\/www.europesays.com\/pt\/wp-json\/wp\/v2\/media\/226214"}],"wp:attachment":[{"href":"https:\/\/www.europesays.com\/pt\/wp-json\/wp\/v2\/media?parent=226213"}],"wp:term":[{"taxonomy":"category","embeddable":true,"href":"https:\/\/www.europesays.com\/pt\/wp-json\/wp\/v2\/categories?post=226213"},{"taxonomy":"post_tag","embeddable":true,"href":"https:\/\/www.europesays.com\/pt\/wp-json\/wp\/v2\/tags?post=226213"}],"curies":[{"name":"wp","href":"https:\/\/api.w.org\/{rel}","templated":true}]}}