{"id":226215,"date":"2026-01-12T15:12:07","date_gmt":"2026-01-12T15:12:07","guid":{"rendered":"https:\/\/www.europesays.com\/pt\/226215\/"},"modified":"2026-01-12T15:12:07","modified_gmt":"2026-01-12T15:12:07","slug":"colaboracao-entre-iif-e-dfte-resulta-em-novo-metodo-para-detectar-materia-escura-portal-da-ufrn","status":"publish","type":"post","link":"https:\/\/www.europesays.com\/pt\/226215\/","title":{"rendered":"Colabora\u00e7\u00e3o entre IIF e DFTE resulta em novo m\u00e9todo para detectar mat\u00e9ria escura &#8211; Portal da UFRN"},"content":{"rendered":"<ol>\n<li><a href=\"https:\/\/news.google.com\/rss\/articles\/CBMiwgFBVV95cUxNYXRCMjJacVhjcGMzbHR5THRZVDRzeEVmaWpQWWxYUWxnQjZiXzR6bk1QS21WZTZaUzNUX1dZTmp0QWthWEllRnpRZzRkZGdaLVQ1VzdMYUNTa0l3NnBwQkdrMHVrWXJDaDZwMFo2UnFXWnY2MTNoejRoQTlFYl9kc3BpZ0luWFhCLW5HTndKUHloczNwd2d2TDhieHpQWVFhclNtUGFUc2RKUTJYNG9naWhBQ1hWc3NrZkpCQzNsaTZmUQ?oc=5\" target=\"_blank\" rel=\"nofollow noopener\">Colabora\u00e7\u00e3o entre IIF e DFTE resulta em novo m\u00e9todo para detectar mat\u00e9ria escura<\/a>&nbsp;&nbsp;Portal da UFRN<\/li>\n<li><a href=\"https:\/\/news.google.com\/rss\/articles\/CBMirwFBVV95cUxQZHYtRlVxZmNRNkJ3NmFNME5qOEVyTGxVbEhFYnJDaFViaElhSGNKLTJ3NmJWZ3JOWUt4TDNKMGU3Sy1zUF9WVGtadmtZNVhEcTVHLWM0Nko1Vzd2TWktT0t5ZDBzaHZ3aWdyZEhyX1B5dzZubmtXVEZsVjNjLWJqYWp2S0FHdlkyQ0luN1ZfVEpCOHptLVlJd1hyQ1puVXB3NlFYUHJ2ZXM1UW1uU09j?oc=5\" target=\"_blank\" rel=\"nofollow noopener\">Sinais do que seria a chamada \u2018mat\u00e9ria escura\u2019 s\u00e3o detectados por pesquisador<\/a>&nbsp;&nbsp;VEJA<\/li>\n<li><a href=\"https:\/\/news.google.com\/rss\/articles\/CBMivAFBVV95cUxQMGxLbV9oQlJnRXJkNmx2ODB6YUZhVnBETXJQNG1DNXU0WTBDY1R4UjZDMWR2TVVaR2hiR2pVdFl6WDZqTmdPSlh0Ni0yWmFYR0h0Mm5IR1dFV0N1Z1dHLVlTcE9ySlNvMDZXU3FQQnpGelZWMC1XcjVoaHB5UXBsMGZEWGVxTl9fWUpONzV0Q0QzYldxSDRRaEJWLWFyWEVtWmF4NTlfU0VBY3FqR0Z2MFNYS0VEaFlXNGQ0cw?oc=5\" target=\"_blank\" rel=\"nofollow noopener\">Raios X misteriosos podem revelar a verdadeira natureza da mat\u00e9ria escura<\/a>&nbsp;&nbsp;R7<\/li>\n<li><a href=\"https:\/\/news.google.com\/rss\/articles\/CBMidkFVX3lxTE9yLVQxZGhGQ1Ewc2Q3MUhYMHA5ZU1iSmtsRmQ4Zmg4VmpfRGk4dHROMWNqbFhSc0doQmJUQWNEMG1xdDhMMGk4clctNXNWaG5za0FUd04tMHBBSEhGT0lvNHdXNFdNbWZJRmZFcUc2TGJNaHJpREE?oc=5\" target=\"_blank\" rel=\"nofollow noopener\">Maior mist\u00e9rio do universo: f\u00edsicos criam detector para mat\u00e9ria escura<\/a>&nbsp;&nbsp;Metr\u00f3poles<\/li>\n<li><a href=\"https:\/\/news.google.com\/rss\/articles\/CBMiygFBVV95cUxNN2FDZEJaNUxGTUZiOXU1Y3RUZ2VUV2Zmb0h0UE5sRDNtdlQ4Y0tpS3plUjNFbXhOSUZLT0g5QjlNc09TcGhvZ3loU0lEdl9JR0VmdFgtd1RWdjVzYXkwd050S3JydFhYSDdzNzduMmU4bjdFY2ZCUjNPcVBwZFNlc092dFlsdnRobEFNNkFTZFBabGJkQ1dJWEt5U1d5UWZ5aHJCcDBUMkVIUkJNVHJfckFteWY5WW9MOHVLTkg4YU1WOXR2ZFdCdUd3?oc=5\" target=\"_blank\" rel=\"nofollow noopener\">Mat\u00e9ria escura e part\u00edculas fantasmas: uma revis\u00e3o do que entendemos do Universo<\/a>&nbsp;&nbsp;Olhar Digital<\/li>\n<\/ol>\n","protected":false},"excerpt":{"rendered":"Colabora\u00e7\u00e3o entre IIF e DFTE resulta em novo m\u00e9todo para detectar mat\u00e9ria escura&nbsp;&nbsp;Portal da UFRN Sinais do que&hellip;\n","protected":false},"author":2,"featured_media":208147,"comment_status":"","ping_status":"","sticky":false,"template":"","format":"standard","meta":{"footnotes":""},"categories":[84],"tags":[109,107,108,32,33,105,103,104,106,110],"class_list":{"0":"post-226215","1":"post","2":"type-post","3":"status-publish","4":"format-standard","5":"has-post-thumbnail","7":"category-ciencia-e-tecnologia","8":"tag-ciencia","9":"tag-ciencia-e-tecnologia","10":"tag-cienciaetecnologia","11":"tag-portugal","12":"tag-pt","13":"tag-science","14":"tag-science-and-technology","15":"tag-scienceandtechnology","16":"tag-technology","17":"tag-tecnologia"},"share_on_mastodon":{"url":"https:\/\/pubeurope.com\/@pt\/115882776782382356","error":""},"_links":{"self":[{"href":"https:\/\/www.europesays.com\/pt\/wp-json\/wp\/v2\/posts\/226215","targetHints":{"allow":["GET"]}}],"collection":[{"href":"https:\/\/www.europesays.com\/pt\/wp-json\/wp\/v2\/posts"}],"about":[{"href":"https:\/\/www.europesays.com\/pt\/wp-json\/wp\/v2\/types\/post"}],"author":[{"embeddable":true,"href":"https:\/\/www.europesays.com\/pt\/wp-json\/wp\/v2\/users\/2"}],"replies":[{"embeddable":true,"href":"https:\/\/www.europesays.com\/pt\/wp-json\/wp\/v2\/comments?post=226215"}],"version-history":[{"count":0,"href":"https:\/\/www.europesays.com\/pt\/wp-json\/wp\/v2\/posts\/226215\/revisions"}],"wp:featuredmedia":[{"embeddable":true,"href":"https:\/\/www.europesays.com\/pt\/wp-json\/wp\/v2\/media\/208147"}],"wp:attachment":[{"href":"https:\/\/www.europesays.com\/pt\/wp-json\/wp\/v2\/media?parent=226215"}],"wp:term":[{"taxonomy":"category","embeddable":true,"href":"https:\/\/www.europesays.com\/pt\/wp-json\/wp\/v2\/categories?post=226215"},{"taxonomy":"post_tag","embeddable":true,"href":"https:\/\/www.europesays.com\/pt\/wp-json\/wp\/v2\/tags?post=226215"}],"curies":[{"name":"wp","href":"https:\/\/api.w.org\/{rel}","templated":true}]}}