{"id":226216,"date":"2026-01-12T15:13:16","date_gmt":"2026-01-12T15:13:16","guid":{"rendered":"https:\/\/www.europesays.com\/pt\/226216\/"},"modified":"2026-01-12T15:13:16","modified_gmt":"2026-01-12T15:13:16","slug":"datas-de-pagamento-das-prestacoes-sociais-na-2a-quinzena-de-janeiro-de-2026","status":"publish","type":"post","link":"https:\/\/www.europesays.com\/pt\/226216\/","title":{"rendered":"Datas de Pagamento das Presta\u00e7\u00f5es Sociais na 2\u00aa Quinzena de Janeiro de 2026"},"content":{"rendered":"<p><img width=\"800\" height=\"440\" src=\"https:\/\/www.europesays.com\/pt\/wp-content\/uploads\/2026\/01\/Datas-de-Pagamento-das-Prestacoes-Sociais-2a-quinzena-janeiro-de-2026.png\" class=\"attachment-post-thumbnail size-post-thumbnail wp-post-image\" alt=\"Datas de Pagamento das Presta\u00e7\u00f5es Sociais - 2\u00aa quinzena janeiro de 2026\" decoding=\"async\" fetchpriority=\"high\" wpfc-lazyload-disable=\"true\"\/>\t\t\t<\/p>\n<p>Os dias 16, 23 e 28 de janeiro s\u00e3o as tr\u00eas datas de pagamento das presta\u00e7\u00f5es sociais na 2\u00aa quinzena de janeiro de 2026 conforme divulgado no <a href=\"https:\/\/www.seg-social.pt\/ptss\/pssd\/pagamentos\" target=\"_blank\" rel=\"noopener nofollow\"><strong>s\u00edtio da Seguran\u00e7a Social<\/strong><\/a>.<\/p>\n<p>Datas de Pagamento na 2\u00aa Quinzena de Janeiro de 2026<br \/>\nDia 16 de Janeiro de 2026<\/p>\n<p>Nesta data ser\u00e3o duas as presta\u00e7\u00f5es sociais a pagamento, por transfer\u00eancia banc\u00e1ria ou vale postal. A saber:<\/p>\n<ul>\n<li><strong>Presta\u00e7\u00f5es Familiares<\/strong><\/li>\n<li><strong>1\u00ba pagamento desemprego \/ doen\u00e7a \/ parentalidade \/ a\u00e7\u00e3o social<\/strong><\/li>\n<\/ul>\n<p>\u00a0<\/p>\n<p>Dia 23 de Janeiro de 2026<\/p>\n<p>Dia 23 de janeiro ser\u00e1 o dia para a Seguran\u00e7a Social proceder ao pagamento do <strong>Rendimento Social de Inser\u00e7\u00e3o<\/strong>.<\/p>\n<p>\u00a0<\/p>\n<p>Dia 28 de Janeiro de 2026<\/p>\n<p>Os pagamentos durante a 2\u00aa quinzena de janeiro terminam dia 28 de janeiro com duas presta\u00e7\u00f5es a pagamento.<\/p>\n<p>Nesse dia ser\u00e3o pagas as seguintes presta\u00e7\u00f5es sociais (via transfer\u00eancia banc\u00e1ria ou vale de correio):<\/p>\n<ul>\n<li><strong>2\u00ba pagamento desemprego \/ doen\u00e7a \/ parentalidade \/ a\u00e7\u00e3o social<\/strong><\/li>\n<li><strong>Subs\u00eddio de Apoio ao Cuidador Informal<\/strong><\/li>\n<\/ul>\n<p>Poder\u00e1 conhecer aqui as<a href=\"https:\/\/economiafinancas.com\/2025\/datas-de-pagamento-das-prestacoes-sociais-janeiro-de-2026\/\" target=\"_blank\" rel=\"noopener nofollow\"><strong> datas dos restantes pagamentos de presta\u00e7\u00f5es sociais em janeiro de 2026<\/strong><\/a>.<\/p>\n<p><a href=\"https:\/\/economiafinancas.com\/2026\/datas-de-pagamento-das-prestacoes-sociais-na-2a-quinzena-de-janeiro-de-2026\/datas-de-pagamento-das-prestacoes-sociais-2a-quinzena-janeiro-de-2026\/\" rel=\"attachment wp-att-86679 nofollow noopener\" target=\"_blank\"><img loading=\"lazy\" data-recalc-dims=\"1\" wpfc-lazyload-disable=\"true\" decoding=\"async\" class=\"size-full wp-image-86679\" src=\"https:\/\/www.europesays.com\/pt\/wp-content\/uploads\/2026\/01\/1768230796_984_Datas-de-Pagamento-das-Prestacoes-Sociais-2a-quinzena-janeiro-de-2026.png\" alt=\"Datas de Pagamento das Presta\u00e7\u00f5es Sociais - 2\u00aa quinzena janeiro de 2026\" width=\"800\" height=\"400\"  \/><\/a>Datas de Pagamento das Presta\u00e7\u00f5es Sociais \u2013 2\u00aa quinzena janeiro de 2026<\/p>\n","protected":false},"excerpt":{"rendered":"Os dias 16, 23 e 28 de janeiro s\u00e3o as tr\u00eas datas de pagamento das presta\u00e7\u00f5es sociais na&hellip;\n","protected":false},"author":2,"featured_media":226217,"comment_status":"","ping_status":"","sticky":false,"template":"","format":"standard","meta":{"footnotes":""},"categories":[83],"tags":[88,4827,4828,4829,4830,89,90,32,33,4831],"class_list":{"0":"post-226216","1":"post","2":"type-post","3":"status-publish","4":"format-standard","5":"has-post-thumbnail","7":"category-empresas","8":"tag-business","9":"tag-complemento-solidario-para-idosos-csi","10":"tag-data-de-pagamento-do-rendimento-social-de-insercao-rsi","11":"tag-data-de-pagamento-dos-subsidios-de-desemprego","12":"tag-datas-de-pagamento-das-prestacoes-sociais","13":"tag-economy","14":"tag-empresas","15":"tag-portugal","16":"tag-pt","17":"tag-rendas"},"share_on_mastodon":{"url":"https:\/\/pubeurope.com\/@pt\/115882780462035173","error":""},"_links":{"self":[{"href":"https:\/\/www.europesays.com\/pt\/wp-json\/wp\/v2\/posts\/226216","targetHints":{"allow":["GET"]}}],"collection":[{"href":"https:\/\/www.europesays.com\/pt\/wp-json\/wp\/v2\/posts"}],"about":[{"href":"https:\/\/www.europesays.com\/pt\/wp-json\/wp\/v2\/types\/post"}],"author":[{"embeddable":true,"href":"https:\/\/www.europesays.com\/pt\/wp-json\/wp\/v2\/users\/2"}],"replies":[{"embeddable":true,"href":"https:\/\/www.europesays.com\/pt\/wp-json\/wp\/v2\/comments?post=226216"}],"version-history":[{"count":0,"href":"https:\/\/www.europesays.com\/pt\/wp-json\/wp\/v2\/posts\/226216\/revisions"}],"wp:featuredmedia":[{"embeddable":true,"href":"https:\/\/www.europesays.com\/pt\/wp-json\/wp\/v2\/media\/226217"}],"wp:attachment":[{"href":"https:\/\/www.europesays.com\/pt\/wp-json\/wp\/v2\/media?parent=226216"}],"wp:term":[{"taxonomy":"category","embeddable":true,"href":"https:\/\/www.europesays.com\/pt\/wp-json\/wp\/v2\/categories?post=226216"},{"taxonomy":"post_tag","embeddable":true,"href":"https:\/\/www.europesays.com\/pt\/wp-json\/wp\/v2\/tags?post=226216"}],"curies":[{"name":"wp","href":"https:\/\/api.w.org\/{rel}","templated":true}]}}