{"id":226220,"date":"2026-01-12T15:16:18","date_gmt":"2026-01-12T15:16:18","guid":{"rendered":"https:\/\/www.europesays.com\/pt\/226220\/"},"modified":"2026-01-12T15:16:18","modified_gmt":"2026-01-12T15:16:18","slug":"gouveia-e-melo-aceita-apoio-de-partidos-numa-segunda-volta-mas-sem-ser-condicionado","status":"publish","type":"post","link":"https:\/\/www.europesays.com\/pt\/226220\/","title":{"rendered":"Gouveia e Melo aceita apoio de partidos numa segunda volta, mas sem ser condicionado"},"content":{"rendered":"<p data-remotead-prev-elm=\"true\" data-remotead-elm-id=\"inread\">Gouveia e Melo falava aos jornalistas a meio de uma visita \u00e0 Feira Gastron\u00f3mica de Boticas, no distrito de Vila Real, em que esteve acompanhado pelo presidente da C\u00e2mara de Oeiras, Isaltino Morais, e pelo antigo ministro social-democrata \u00c2ngelo Correia.<\/p>\n<p>&#8220;N\u00e3o recuso apoio de ningu\u00e9m. O que eu n\u00e3o quero \u00e9 ser condicionado por esses apoios&#8221;, respondeu o ex-chefe do Estado-Maior da Armada, ap\u00f3s ter sido questionado se gostaria de ter o apoio do primeiro-ministro, Lu\u00eds Montenegro, num cen\u00e1rio em que passe \u00e0 segunda volta das elei\u00e7\u00f5es presidenciais e o seu advers\u00e1rio Marques Mendes fique de fora.<\/p>\n<p>O almirante disse ter &#8220;confian\u00e7a&#8221; de que ir\u00e1 disputar a segunda volta das elei\u00e7\u00f5es presidenciais, nas quais &#8220;ter\u00e1 necessariamente&#8221; o apoio de partidos.<\/p>\n<p data-remotead-prev-elm=\"true\" data-remotead-elm-id=\"centro1\">Mas colocou um limite: &#8220;N\u00e3o quero um apoio partid\u00e1rio no sentido em que esse apoio possa condicionar a minha a\u00e7\u00e3o&#8221;.<\/p>\n<p>&#8220;Tenho apoios \u00e0 esquerda, tenho apoios \u00e0 direita e tenho apoios, inclusive, nas partes mais extremadas do espetro pol\u00edtico. Considero que a presid\u00eancia \u00e9 um lugar para unir os portugueses, n\u00e3o para dividir os portugueses. A Presid\u00eancia da Rep\u00fablica n\u00e3o pode ser um projeto vertical de um partido pol\u00edtico&#8221;, criticou.<\/p>\n<p>Logo no in\u00edcio da sua declara\u00e7\u00e3o aos jornalistas, Gouveia e Melo apelou ao voto dos portugueses nas elei\u00e7\u00f5es de dia 18 e j\u00e1 hoje para quem vota antecipadamente.<\/p>\n<p data-remotead-prev-elm=\"true\" data-remotead-elm-id=\"centro2\">&#8220;A minha prefer\u00eancia era que tudo se resolvesse \u00e0 primeira volta. \u00c9 importante que as pessoas venham votar, mas o voto n\u00e3o deve ser um voto \u00fatil no sentido partid\u00e1rio do termo. Em elei\u00e7\u00f5es presidenciais, o voto deve ser na personalidade que acham que pode ajudar Portugal nestes momentos dif\u00edceis&#8221;, defendeu.<\/p>\n<p>Segundo o ex-chefe do Estado-Maior da Armada, &#8220;num momento interno em que a democracia come\u00e7a a dar sinais de cansa\u00e7o e de n\u00e3o dar resposta aos problemas sociais verdadeiros da popula\u00e7\u00e3o, num momento externo verdadeiramente perigoso para a ordem internacional, a escolha \u00e9 qual ser\u00e1 o candidato que cada um dos eleitores gostaria que estivesse ao lado dele nos momentos mais dif\u00edceis e que garantisse que Portugal consegue passar esta turbul\u00eancia da melhor forma poss\u00edvel&#8221;.<\/p>\n<p>Depois, em estilo de pergunta, Gouveia e Melo voltou a visar indiretamente os seus advers\u00e1rios Marques Mendes e Ant\u00f3nio Jos\u00e9 Seguro, apoiados respetivamente pelo PSD\/CDS e pelo PS.<\/p>\n<p data-remotead-prev-elm=\"true\" data-remotead-elm-id=\"centro3\">&#8220;Um candidato que n\u00e3o conseguiu no passado unir o seu partido quer agora unir Portugal, como isso \u00e9 poss\u00edvel? Como os portugueses conseguem acreditar numa coisa dessas?&#8221;.<\/p>\n<p>E deixou mais uma advert\u00eancia: &#8220;Quando votarem, pensem seriamente no que est\u00e3o a fazer. Isto n\u00e3o \u00e9 um voto partid\u00e1rio. N\u00e3o estamos em elei\u00e7\u00f5es legislativas&#8221;.<\/p>\n<p>Gouveia e Melo insistiu que, em elei\u00e7\u00f5es presidenciais, a op\u00e7\u00e3o \u00e9 sobre qual a personalidade que &#8220;pode influenciar a mudan\u00e7a no pa\u00eds &#8211; uma mudan\u00e7a para melhor&#8221;.<\/p>\n<p data-remotead-prev-elm=\"true\" data-remotead-elm-id=\"centro4\">Neste contexto, mais uma vez, o almirante recusou a ideia de que \u00e9 pouco experiente para exercer as fun\u00e7\u00f5es de chefe de Estado.<\/p>\n<p>&#8220;Muitas vezes fala-se a experi\u00eancia, mas a verdadeira experi\u00eancia \u00e9 aquela que interessa. N\u00e3o \u00e9 a experi\u00eancia pol\u00edtica ou partid\u00e1ria, porque essa \u00e9 a experi\u00eancia da Assembleia da Rep\u00fablica. A verdadeira experi\u00eancia \u00e9 a de conseguir perceber onde est\u00e3o os problemas, ser exigente, dar respostas que a democracia precisa em rela\u00e7\u00e3o aos problemas das pessoas&#8221;, contrap\u00f4s.<\/p>\n<p>A seguir, Gouveia e Melo avisou que, durante a campanha, cimentou a sua ideia de que h\u00e1 &#8220;uma grande frustra\u00e7\u00e3o com a democracia&#8221;.<\/p>\n<p>&#8220;E n\u00f3s temos de combater essa frustra\u00e7\u00e3o come\u00e7ando a dar resultados. N\u00e3o podemos ter falhas permanentes do Estado, irresponsabilidade e outro tipo de atitudes&#8221;, acrescentou.<\/p>\n","protected":false},"excerpt":{"rendered":"Gouveia e Melo falava aos jornalistas a meio de uma visita \u00e0 Feira Gastron\u00f3mica de Boticas, no distrito&hellip;\n","protected":false},"author":2,"featured_media":226221,"comment_status":"","ping_status":"","sticky":false,"template":"","format":"standard","meta":{"footnotes":""},"categories":[8],"tags":[27,28,15,16,9498,14,25,26,21,22,619,12,13,19,20,32,1076,23,24,33,17,18,29,30,31],"class_list":{"0":"post-226220","1":"post","2":"type-post","3":"status-publish","4":"format-standard","5":"has-post-thumbnail","7":"category-principais-noticias","8":"tag-breaking-news","9":"tag-breakingnews","10":"tag-featured-news","11":"tag-featurednews","12":"tag-gouveia-e-melo","13":"tag-headlines","14":"tag-latest-news","15":"tag-latestnews","16":"tag-main-news","17":"tag-mainnews","18":"tag-nacional","19":"tag-news","20":"tag-noticias","21":"tag-noticias-principais","22":"tag-noticiasprincipais","23":"tag-portugal","24":"tag-presidenciais-2026","25":"tag-principais-noticias","26":"tag-principaisnoticias","27":"tag-pt","28":"tag-top-stories","29":"tag-topstories","30":"tag-ultimas","31":"tag-ultimas-noticias","32":"tag-ultimasnoticias"},"share_on_mastodon":{"url":"https:\/\/pubeurope.com\/@pt\/115882792264402317","error":""},"_links":{"self":[{"href":"https:\/\/www.europesays.com\/pt\/wp-json\/wp\/v2\/posts\/226220","targetHints":{"allow":["GET"]}}],"collection":[{"href":"https:\/\/www.europesays.com\/pt\/wp-json\/wp\/v2\/posts"}],"about":[{"href":"https:\/\/www.europesays.com\/pt\/wp-json\/wp\/v2\/types\/post"}],"author":[{"embeddable":true,"href":"https:\/\/www.europesays.com\/pt\/wp-json\/wp\/v2\/users\/2"}],"replies":[{"embeddable":true,"href":"https:\/\/www.europesays.com\/pt\/wp-json\/wp\/v2\/comments?post=226220"}],"version-history":[{"count":0,"href":"https:\/\/www.europesays.com\/pt\/wp-json\/wp\/v2\/posts\/226220\/revisions"}],"wp:featuredmedia":[{"embeddable":true,"href":"https:\/\/www.europesays.com\/pt\/wp-json\/wp\/v2\/media\/226221"}],"wp:attachment":[{"href":"https:\/\/www.europesays.com\/pt\/wp-json\/wp\/v2\/media?parent=226220"}],"wp:term":[{"taxonomy":"category","embeddable":true,"href":"https:\/\/www.europesays.com\/pt\/wp-json\/wp\/v2\/categories?post=226220"},{"taxonomy":"post_tag","embeddable":true,"href":"https:\/\/www.europesays.com\/pt\/wp-json\/wp\/v2\/tags?post=226220"}],"curies":[{"name":"wp","href":"https:\/\/api.w.org\/{rel}","templated":true}]}}