{"id":226222,"date":"2026-01-12T15:17:22","date_gmt":"2026-01-12T15:17:22","guid":{"rendered":"https:\/\/www.europesays.com\/pt\/226222\/"},"modified":"2026-01-12T15:17:22","modified_gmt":"2026-01-12T15:17:22","slug":"os-vestidos-dos-globos-de-ouro-na-noite-de-wagner-moura-fotogaleria-2","status":"publish","type":"post","link":"https:\/\/www.europesays.com\/pt\/226222\/","title":{"rendered":"Os vestidos dos Globos de Ouro na noite de Wagner Moura (fotogaleria)"},"content":{"rendered":"<p>A noite de domingo foi palco da 83.\u00aa edi\u00e7\u00e3o dos Globos de Ouro, considerada uma das principais galas de pr\u00e9mios de entretenimento do mundo, com foco no cinema e na televis\u00e3o. Al\u00e9m da noite marcada pela conquista do ator brasileiro Wagner Moura, v\u00e1rios vestidos tamb\u00e9m chamaram muito as aten\u00e7\u00f5es na passadeira vermelha em Beverly Hills, como pode ver na galeria a seguir.<\/p>\n","protected":false},"excerpt":{"rendered":"A noite de domingo foi palco da 83.\u00aa edi\u00e7\u00e3o dos Globos de Ouro, considerada uma das principais galas&hellip;\n","protected":false},"author":2,"featured_media":226223,"comment_status":"","ping_status":"","sticky":false,"template":"","format":"standard","meta":{"footnotes":""},"categories":[145],"tags":[211,210,114,115,32,33],"class_list":{"0":"post-226222","1":"post","2":"type-post","3":"status-publish","4":"format-standard","5":"has-post-thumbnail","7":"category-celebridades","8":"tag-celebridades","9":"tag-celebrities","10":"tag-entertainment","11":"tag-entretenimento","12":"tag-portugal","13":"tag-pt"},"share_on_mastodon":{"url":"https:\/\/pubeurope.com\/@pt\/115882796151492018","error":""},"_links":{"self":[{"href":"https:\/\/www.europesays.com\/pt\/wp-json\/wp\/v2\/posts\/226222","targetHints":{"allow":["GET"]}}],"collection":[{"href":"https:\/\/www.europesays.com\/pt\/wp-json\/wp\/v2\/posts"}],"about":[{"href":"https:\/\/www.europesays.com\/pt\/wp-json\/wp\/v2\/types\/post"}],"author":[{"embeddable":true,"href":"https:\/\/www.europesays.com\/pt\/wp-json\/wp\/v2\/users\/2"}],"replies":[{"embeddable":true,"href":"https:\/\/www.europesays.com\/pt\/wp-json\/wp\/v2\/comments?post=226222"}],"version-history":[{"count":0,"href":"https:\/\/www.europesays.com\/pt\/wp-json\/wp\/v2\/posts\/226222\/revisions"}],"wp:featuredmedia":[{"embeddable":true,"href":"https:\/\/www.europesays.com\/pt\/wp-json\/wp\/v2\/media\/226223"}],"wp:attachment":[{"href":"https:\/\/www.europesays.com\/pt\/wp-json\/wp\/v2\/media?parent=226222"}],"wp:term":[{"taxonomy":"category","embeddable":true,"href":"https:\/\/www.europesays.com\/pt\/wp-json\/wp\/v2\/categories?post=226222"},{"taxonomy":"post_tag","embeddable":true,"href":"https:\/\/www.europesays.com\/pt\/wp-json\/wp\/v2\/tags?post=226222"}],"curies":[{"name":"wp","href":"https:\/\/api.w.org\/{rel}","templated":true}]}}