{"id":226224,"date":"2026-01-12T15:20:10","date_gmt":"2026-01-12T15:20:10","guid":{"rendered":"https:\/\/www.europesays.com\/pt\/226224\/"},"modified":"2026-01-12T15:20:10","modified_gmt":"2026-01-12T15:20:10","slug":"ex-concorrente-de-secret-story-faz-sentido-desabafo-sobre-morte-de-maycon-douglas-e-preciso-pedirmos-ajuda","status":"publish","type":"post","link":"https:\/\/www.europesays.com\/pt\/226224\/","title":{"rendered":"Ex-concorrente de &#8220;Secret Story&#8221; faz sentido desabafo sobre morte de Maycon Douglas: &#8220;\u00c9 preciso pedirmos ajuda&#8221;"},"content":{"rendered":"<p><a href=\"https:\/\/selfie.iol.pt\/famosos\/casa-dos-segredos\/maria-leal-craveiro-rendida-a-pedido-de-casamento-e-de-repente\/20250809\/68979aaed34ef72ee4494549\" target=\"_blank\" rel=\"nofollow noopener\">Maria Leal Craveiro<\/a> marcou presen\u00e7a nas <a href=\"https:\/\/selfie.iol.pt\/famosos\/casa-dos-segredos\/em-pleno-funeral-de-maycon-douglas-marcelo-palma-tem-gesto-emocionante\/20260111\/6963b62ad34e92a34497400d\" target=\"_blank\" rel=\"nofollow noopener\">cerim\u00f3nias f\u00fanebres de Maycon Douglas<\/a>, que se realizaram no passado domingo, dia 11, e, mais tarde, fez um sentido desabafo sobre este momento delicado, nas redes sociais.<\/p>\n<p>&#8220;H\u00e1 mais ou menos um ano, \u00e9ramos 22 pessoas felizes dentro de uma casa. Havia discuss\u00f5es, din\u00e2micas, &#8216;guerrinhas&#8217;, mas, no final de contas, \u00e9ramos todos cordiais, educados e preocupados uns com os outros&#8221;, come\u00e7ou por escrever a jovem, fazendo refer\u00eancia ao reality show da TVI &#8220;Secret Story 8&#8221;.<\/p>\n<p>&#8220;\u00c0 parte de tudo, n\u00f3s fomos felizes de verdade ali. Muito felizes. N\u00f3s sabemos bem o que vivemos e o que, no fundo, sent\u00edamos uns pelos outros. At\u00e9 sair por aquela porta.\u00a0Disse muitas vezes sentada naquele confession\u00e1rio, em l\u00e1grimas, que o meu medo era sair de l\u00e1. Queria l\u00e1 ficar fechada para sempre porque tinha medo do que me esperava c\u00e1 fora. E tinha raz\u00e3o.\u00a0O mundo \u00e9 muito cruel. A vida \u00e9 muito injusta&#8221;, continuou Maria Leal Craveiro.<\/p>\n<p>A ex-concorrente do referido formato referiu que &#8220;a vida \u00e9 uma montanha-russa em que, num m\u00eas estamos em altas e, no m\u00eas seguinte, ningu\u00e9m se lembra de n\u00f3s. Num dia estamos felizes e no dia seguinte estamos a chorar&#8221;.<\/p>\n<p>&#8220;\u00c9 preciso for\u00e7a para entrar numa experi\u00eancia destas e acarretar com as consequ\u00eancias que da\u00ed v\u00eam:<br \/>enfrentar o mundo real desamparados, sem qualquer tipo de apoio. \u00c9 preciso for\u00e7a para lidar com a ilus\u00e3o das coisas boas que chegam depressa e com a desilus\u00e3o das coisas m\u00e1s que v\u00eam ainda mais depressa: as amizades que eram para a vida e afinal n\u00e3o o s\u00e3o, as rela\u00e7\u00f5es que iriam ser para sempre e afinal n\u00e3o o foram, as expectativas de que a vida iria mudar imenso e, afinal, n\u00e3o mudou porra nenhuma&#8221;, lamentou.<\/p>\n<p>&#8220;\u00c9 preciso pedirmos ajuda quando n\u00e3o a encontramos, assumirmos as nossas fraquezas, as nossas lutas e, se for preciso, deitarmos a toalha ao ch\u00e3o. Odeiem menos as pessoas. Tenham empatia e deixem os outros em paz&#8221;, pediu, ainda.<\/p>\n<p>&#8220;Seja o que for que tenha acontecido: que ningu\u00e9m\u00a0neste mundo precise de ir procurar a sua paz a outro lugar qualquer&#8221;, rematou, numa clara alus\u00e3o \u00e0 morte do amigo.<\/p>\n<p>Recorde-se que, <a href=\"https:\/\/selfie.iol.pt\/famosos\/casa-dos-segredos\/revelada-causa-da-morte-de-maycon-douglas\/20260111\/6963be6bd34e0ec52ec1f532\" target=\"_blank\" rel=\"nofollow noopener\">por enquanto, n\u00e3o se pode ainda concluir se o cen\u00e1rio da morte foi de suic\u00eddio, homic\u00eddio ou acidente<\/a>. Al\u00e9m disso, ainda faltam exames toxicol\u00f3gicos, cujos resultados ser\u00e3o conhecidos dentro de um m\u00eas.<\/p>\n<p>Veja, agora, a publica\u00e7\u00e3o de Maria Leal Craveiro.<\/p>\n<p style=\"text-align:center\"><img loading=\"lazy\" decoding=\"async\" alt=\"\" height=\"545\" src=\"https:\/\/www.europesays.com\/pt\/wp-content\/uploads\/2026\/01\/6964c68cd34e92a3449745bd.webp\" width=\"307\"\/><\/p>\n<p>\u00a0<\/p>\n","protected":false},"excerpt":{"rendered":"Maria Leal Craveiro marcou presen\u00e7a nas cerim\u00f3nias f\u00fanebres de Maycon Douglas, que se realizaram no passado domingo, dia&hellip;\n","protected":false},"author":2,"featured_media":217121,"comment_status":"","ping_status":"","sticky":false,"template":"","format":"standard","meta":{"footnotes":""},"categories":[142],"tags":[114,115,980,3562,1015,8182,10223,619,32,33,1014,548,1315,1012,151,162],"class_list":{"0":"post-226224","1":"post","2":"type-post","3":"status-publish","4":"format-standard","5":"has-post-thumbnail","7":"category-tv","8":"tag-entertainment","9":"tag-entretenimento","10":"tag-famosos","11":"tag-funeral","12":"tag-instagram","13":"tag-maria-leal-craveiro","14":"tag-maycon-douglas","15":"tag-nacional","16":"tag-portugal","17":"tag-pt","18":"tag-reality-show","19":"tag-redes-sociais","20":"tag-secret-story","21":"tag-selfie","22":"tag-tv","23":"tag-tvi"},"share_on_mastodon":{"url":"https:\/\/pubeurope.com\/@pt\/115882807970018917","error":""},"_links":{"self":[{"href":"https:\/\/www.europesays.com\/pt\/wp-json\/wp\/v2\/posts\/226224","targetHints":{"allow":["GET"]}}],"collection":[{"href":"https:\/\/www.europesays.com\/pt\/wp-json\/wp\/v2\/posts"}],"about":[{"href":"https:\/\/www.europesays.com\/pt\/wp-json\/wp\/v2\/types\/post"}],"author":[{"embeddable":true,"href":"https:\/\/www.europesays.com\/pt\/wp-json\/wp\/v2\/users\/2"}],"replies":[{"embeddable":true,"href":"https:\/\/www.europesays.com\/pt\/wp-json\/wp\/v2\/comments?post=226224"}],"version-history":[{"count":0,"href":"https:\/\/www.europesays.com\/pt\/wp-json\/wp\/v2\/posts\/226224\/revisions"}],"wp:featuredmedia":[{"embeddable":true,"href":"https:\/\/www.europesays.com\/pt\/wp-json\/wp\/v2\/media\/217121"}],"wp:attachment":[{"href":"https:\/\/www.europesays.com\/pt\/wp-json\/wp\/v2\/media?parent=226224"}],"wp:term":[{"taxonomy":"category","embeddable":true,"href":"https:\/\/www.europesays.com\/pt\/wp-json\/wp\/v2\/categories?post=226224"},{"taxonomy":"post_tag","embeddable":true,"href":"https:\/\/www.europesays.com\/pt\/wp-json\/wp\/v2\/tags?post=226224"}],"curies":[{"name":"wp","href":"https:\/\/api.w.org\/{rel}","templated":true}]}}