{"id":226227,"date":"2026-01-12T15:24:18","date_gmt":"2026-01-12T15:24:18","guid":{"rendered":"https:\/\/www.europesays.com\/pt\/226227\/"},"modified":"2026-01-12T15:24:18","modified_gmt":"2026-01-12T15:24:18","slug":"prefeitura-municipal-de-ribeirao-preto-11","status":"publish","type":"post","link":"https:\/\/www.europesays.com\/pt\/226227\/","title":{"rendered":"Prefeitura Municipal de Ribeir\u00e3o Preto"},"content":{"rendered":"<p>12\/01\/2026 10:58 &#8211; Sa\u00fade<\/p>\n<p>            Prefeitura recolhe mais de duas toneladas de entulho em a\u00e7\u00e3o contra a dengue em Ribeir\u00e3o Preto<\/p>\n<p>            Arrast\u00e3o tem como objetivo eliminar focos do mosquito antes do pico de transmiss\u00e3o da doen\u00e7a<\/p>\n<p>Fotos: Divulga\u00e7\u00e3o<\/p>\n<p>&#13;<br \/>\n&#13;<\/p>\n<p><img decoding=\"async\" src=\"https:\/\/www.europesays.com\/pt\/wp-content\/uploads\/2026\/01\/arrastaodengue_04.jpg\" width=\"500\"\/><\/p>\n<p>&#13;<br \/>\n&#13;<\/p>\n<p>\u00a0<\/p>\n<p>&#13;<br \/>\n&#13;<\/p>\n<p style=\"text-align:justify\">Diante do per\u00edodo de chuvas e calor, que favorece a prolifera\u00e7\u00e3o do mosquito Aedes aegypti, a Prefeitura de Ribeir\u00e3o Preto, por meio da Secretaria da Sa\u00fade, atrav\u00e9s da Vigil\u00e2ncia Ambiental em Sa\u00fade realizou, no \u00faltimo s\u00e1bado (10), um grande arrast\u00e3o para a elimina\u00e7\u00e3o de criadouros do vetor. A a\u00e7\u00e3o percorreu os bairros Parque Ribeir\u00e3o, Jardim Branca Sales e Ad\u00e3o do Carmo, resultando no recolhimento de mais de duas toneladas de materiais inserv\u00edveis e na identifica\u00e7\u00e3o de quatro focos do mosquito transmissor da dengue, zika e chikungunya.<\/p>\n<p>&#13;<br \/>\n&#13;<\/p>\n<p style=\"text-align:justify\">\u00a0<\/p>\n<p>&#13;<br \/>\n&#13;<\/p>\n<p style=\"text-align:justify\">A mobiliza\u00e7\u00e3o contou com a atua\u00e7\u00e3o de 129 profissionais, al\u00e9m do apoio de 16 viaturas e 10 caminh\u00f5es. Ao todo, 5.539 im\u00f3veis foram vistoriados pelas equipes, que tamb\u00e9m recolheram 357 pneus \u2014 um dos principais reservat\u00f3rios de \u00e1gua parada e, consequentemente, de larvas do mosquito.<\/p>\n<p>&#13;<br \/>\n&#13;<\/p>\n<p style=\"text-align:justify\">\u00a0<\/p>\n<p>&#13;<br \/>\n&#13;<\/p>\n<p style=\"text-align:justify\">O objetivo do arrast\u00e3o \u00e9 eliminar os focos do Aedes aegypti antes do pico de transmiss\u00e3o das doen\u00e7as, estrat\u00e9gia considerada fundamental para reduzir os impactos na sa\u00fade p\u00fablica. Em 2025, o munic\u00edpio j\u00e1 registrou 21.568 casos de dengue, com 11 \u00f3bitos confirmados.<\/p>\n<p>&#13;<br \/>\n&#13;<\/p>\n<p style=\"text-align:justify\">\u00a0<\/p>\n<p>&#13;<br \/>\n&#13;<\/p>\n<p style=\"text-align:justify\"><img decoding=\"async\" src=\"https:\/\/www.europesays.com\/pt\/wp-content\/uploads\/2026\/01\/arrastaodengue_02.jpg\" width=\"500\"\/><\/p>\n<p>&#13;<br \/>\n&#13;<\/p>\n<p style=\"text-align:justify\">\u00a0<\/p>\n<p>&#13;<br \/>\n&#13;<\/p>\n<p style=\"text-align:justify\">A opera\u00e7\u00e3o teve o apoio da Secretaria Municipal de Infraestrutura e Zeladoria e da empresa Multipneus, que disponibilizou caminh\u00f5es para o transporte adequado do material recolhido.<\/p>\n<p>&#13;<br \/>\n&#13;<\/p>\n<p style=\"text-align:justify\">\u00a0<\/p>\n<p>&#13;<br \/>\n&#13;<\/p>\n<p style=\"text-align:justify\">Al\u00e9m da limpeza urbana, a iniciativa tamb\u00e9m contemplou a\u00e7\u00f5es educativas. Comerciantes da regi\u00e3o receberam orienta\u00e7\u00f5es da equipe de Informa\u00e7\u00e3o, Educa\u00e7\u00e3o e Comunica\u00e7\u00e3o (IEC) sobre medidas simples e eficazes para evitar a forma\u00e7\u00e3o de criadouros, como o descarte correto de res\u00edduos e a veda\u00e7\u00e3o de recipientes que possam acumular \u00e1gua.<\/p>\n<p>&#13;<br \/>\n&#13;<\/p>\n<p style=\"text-align:justify\">\u00a0<\/p>\n<p>&#13;<br \/>\n&#13;<\/p>\n<p style=\"text-align:justify\">Os pr\u00f3ximos arrast\u00f5es j\u00e1 est\u00e3o programados e ocorrer\u00e3o nos dias 24 e 31 de janeiro.<\/p>\n<p>&#13;<br \/>\n&#13;<\/p>\n<p>\u00a0<\/p>\n<p>&#13;<br \/>\n&#13;<\/p>\n<p><img decoding=\"async\" src=\"https:\/\/www.europesays.com\/pt\/wp-content\/uploads\/2026\/01\/arrastaodengue_01.jpg\" width=\"500\"\/><\/p>\n<p>&#13;<\/p>\n","protected":false},"excerpt":{"rendered":"12\/01\/2026 10:58 &#8211; Sa\u00fade Prefeitura recolhe mais de duas toneladas de entulho em a\u00e7\u00e3o contra a dengue em&hellip;\n","protected":false},"author":2,"featured_media":226228,"comment_status":"","ping_status":"","sticky":false,"template":"","format":"standard","meta":{"footnotes":""},"categories":[86],"tags":[116,9509,32,9508,33,3550,117,9510],"class_list":{"0":"post-226227","1":"post","2":"type-post","3":"status-publish","4":"format-standard","5":"has-post-thumbnail","7":"category-saude","8":"tag-health","9":"tag-noticias-ribeirao-preto","10":"tag-portugal","11":"tag-prefeitura-ribeirao-preto","12":"tag-pt","13":"tag-ribeirao-preto","14":"tag-saude","15":"tag-servicos-ribeirao-preto"},"share_on_mastodon":{"url":"https:\/\/pubeurope.com\/@pt\/115882823760323337","error":""},"_links":{"self":[{"href":"https:\/\/www.europesays.com\/pt\/wp-json\/wp\/v2\/posts\/226227","targetHints":{"allow":["GET"]}}],"collection":[{"href":"https:\/\/www.europesays.com\/pt\/wp-json\/wp\/v2\/posts"}],"about":[{"href":"https:\/\/www.europesays.com\/pt\/wp-json\/wp\/v2\/types\/post"}],"author":[{"embeddable":true,"href":"https:\/\/www.europesays.com\/pt\/wp-json\/wp\/v2\/users\/2"}],"replies":[{"embeddable":true,"href":"https:\/\/www.europesays.com\/pt\/wp-json\/wp\/v2\/comments?post=226227"}],"version-history":[{"count":0,"href":"https:\/\/www.europesays.com\/pt\/wp-json\/wp\/v2\/posts\/226227\/revisions"}],"wp:featuredmedia":[{"embeddable":true,"href":"https:\/\/www.europesays.com\/pt\/wp-json\/wp\/v2\/media\/226228"}],"wp:attachment":[{"href":"https:\/\/www.europesays.com\/pt\/wp-json\/wp\/v2\/media?parent=226227"}],"wp:term":[{"taxonomy":"category","embeddable":true,"href":"https:\/\/www.europesays.com\/pt\/wp-json\/wp\/v2\/categories?post=226227"},{"taxonomy":"post_tag","embeddable":true,"href":"https:\/\/www.europesays.com\/pt\/wp-json\/wp\/v2\/tags?post=226227"}],"curies":[{"name":"wp","href":"https:\/\/api.w.org\/{rel}","templated":true}]}}