{"id":226235,"date":"2026-01-12T15:31:14","date_gmt":"2026-01-12T15:31:14","guid":{"rendered":"https:\/\/www.europesays.com\/pt\/226235\/"},"modified":"2026-01-12T15:31:14","modified_gmt":"2026-01-12T15:31:14","slug":"marido-de-titina-medeiros-conta-como-foram-os-ultimos-dias-da-atriz-de-maos-dadas-comigo","status":"publish","type":"post","link":"https:\/\/www.europesays.com\/pt\/226235\/","title":{"rendered":"Marido de Titina Medeiros conta como foram os \u00faltimos dias da atriz: &#8216;De m\u00e3os dadas comigo&#8217;"},"content":{"rendered":"\n<p>O ator C\u00e9sar Ferrario, marido da atriz Titina Medeiros, que morreu neste domingo (11), aos 48 anos, ap\u00f3s meses de tratamento contra um c\u00e2ncer de p\u00e2ncreas, conversou com a Quem e se emocionou ao contar como foram os \u00faltimos dias da esposa.<\/p>\n<p>&#8220;Titina hoje nos deixou, me deixou, deixou toda a fam\u00edlia dela e uma rede imensa de amigos, de parceiros, de m\u00e9dicos, de enfermeiros, que nos ajudaram e foram fundamentais, verdadeiros anjos nesse nosso caminho de tratamento e luta contra essa doen\u00e7a t\u00e3o agressiva, t\u00e3o violenta, que, de fato, n\u00e3o nos deu nenhuma chance&#8221;, lamentou.<\/p>\n<p>C\u00e9sar destacou, contudo, que a esposa foi amada o tempo inteiro. &#8220;Mas Titina n\u00e3o s\u00f3 recebeu todo apoio, todo amor, todos os cuidados poss\u00edveis que existiam, como tamb\u00e9m uma presen\u00e7a constante, tanto aqui em casa, nos tempos e nos per\u00edodos que a gente estava em casa, quanto aqueles que a gente precisou se internar e ficar no hospital&#8221;, contou.<\/p>\n<p>O ator se comoveu ao contar como foi o comportamento da esposa ao longo do tratamento. &#8220;Ela foi tranquila, ela foi calma, acompanhada at\u00e9 o \u00faltimo instante, de m\u00e3os dadas com a gente, comigo. E, infelizmente, hoje ela parte&#8221;, lamentou.<\/p>\n<p>C\u00e9sar fez quest\u00e3o de homenagear a esposa. &#8220;O que eu tenho a dizer, no meu tamanho \u00ednfimo, desse grande mist\u00e9rio que \u00e9 a vida, \u00e9 que apesar de achar injusto \u00e0s vezes &#8212; agora achar injusto, por que ela foi muito cedo, por outro lado sou obrigado a reconhecer que Titina teve uma vida linda. Linda, potente, cheia de luz&#8221;, elogiou.<\/p>\n<p>&#8220;Desde a sua inf\u00e2ncia, quando nasceu no interior do Rio Grande do Norte, cresceu em Acari, uma cidade de 10 mil habitantes, com toda a liberdade e a beleza que inf\u00e2ncias que cidades dessa natureza podem nos oferecer, at\u00e9 despertar sua paix\u00e3o pelo teatro e da\u00ed seguir uma carreira cheia de luz, de brilho, que come\u00e7a aqui no RN e depois se estende para todo o Brasil&#8221;, completou.<\/p>\n<p>&#8220;Acho que Titina sempre carregou um sorriso indescrit\u00edvel e inigual\u00e1vel. E mais do que isso: ela soube distribuir esse sorriso para uma quantidade imensa de pessoas para as quais ela levou muita alegria e felicidade atrav\u00e9s do seu of\u00edcio, do seu sacerd\u00f3cio. Of\u00edcio esse que ela sempre levou com a mais absoluta seriedade. E nele ela foi realizada. Ent\u00e3o, eu tenho certeza que Titina teve uma vida linda. Tanto no seu ambiente dom\u00e9stico, onde ela foi muito amada, como no seu ambiente profissional. E \u00e9 com esse sentimento que eu me conforto hoje. Eu tenho certeza que, apesar da brevidade &#8212; no meu julgar &#8212; da sua exist\u00eancia, o tempo que ela esteve aqui, ela n\u00e3o deixou a dever no amor, no afeto e no trabalho&#8221;, afirmou.<\/p>\n<p>C\u00e9sar ainda informou sobre as cerim\u00f4nias de despedida de Titina, que acontecer\u00e3o no Teatro Alberto Maranh\u00e3o, em Natal, das 23h deste domingo (11) \u00e0s 9h desta segunda-feira (12). Depois, o corpo da atriz seguir\u00e1 para Acari, sua cidade natal, onde receber\u00e1 homenagens na Casa Cultura. O sepultamento est\u00e1 marcado para as 17h desta segunda (12).<\/p>\n<p>Titina ficou muito conhecida como a personagem Socorro, de Cheias de Charme (2012), sua primeira novela. Na trama de Filipe Miguez e Izabel de Oliveira, ela formou par rom\u00e2ntico com o pr\u00f3prio marido.<\/p>\n","protected":false},"excerpt":{"rendered":"O ator C\u00e9sar Ferrario, marido da atriz Titina Medeiros, que morreu neste domingo (11), aos 48 anos, ap\u00f3s&hellip;\n","protected":false},"author":2,"featured_media":226236,"comment_status":"","ping_status":"","sticky":false,"template":"","format":"standard","meta":{"footnotes":""},"categories":[145],"tags":[43540,1249,2642,1776,8161,211,210,43538,14437,114,115,981,6623,1789,7561,16452,3821,32,33,8537,43537,25763,43539,43375,1130,3192],"class_list":{"0":"post-226235","1":"post","2":"type-post","3":"status-publish","4":"format-standard","5":"has-post-thumbnail","7":"category-celebridades","8":"tag-acari","9":"tag-amigos","10":"tag-amor","11":"tag-cancer","12":"tag-carreira","13":"tag-celebridades","14":"tag-celebrities","15":"tag-cesar-ferrario","16":"tag-cheias-de-charme","17":"tag-entertainment","18":"tag-entretenimento","19":"tag-familia","20":"tag-homenagens","21":"tag-hospital","22":"tag-natal","23":"tag-pancreas","24":"tag-personagem","25":"tag-portugal","26":"tag-pt","27":"tag-rio-grande-do-norte","28":"tag-sepultamento","29":"tag-sorriso","30":"tag-teatro-alberto-maranhao","31":"tag-titina-medeiros","32":"tag-tratamento","33":"tag-vida"},"share_on_mastodon":{"url":"https:\/\/pubeurope.com\/@pt\/115882851191066261","error":""},"_links":{"self":[{"href":"https:\/\/www.europesays.com\/pt\/wp-json\/wp\/v2\/posts\/226235","targetHints":{"allow":["GET"]}}],"collection":[{"href":"https:\/\/www.europesays.com\/pt\/wp-json\/wp\/v2\/posts"}],"about":[{"href":"https:\/\/www.europesays.com\/pt\/wp-json\/wp\/v2\/types\/post"}],"author":[{"embeddable":true,"href":"https:\/\/www.europesays.com\/pt\/wp-json\/wp\/v2\/users\/2"}],"replies":[{"embeddable":true,"href":"https:\/\/www.europesays.com\/pt\/wp-json\/wp\/v2\/comments?post=226235"}],"version-history":[{"count":0,"href":"https:\/\/www.europesays.com\/pt\/wp-json\/wp\/v2\/posts\/226235\/revisions"}],"wp:featuredmedia":[{"embeddable":true,"href":"https:\/\/www.europesays.com\/pt\/wp-json\/wp\/v2\/media\/226236"}],"wp:attachment":[{"href":"https:\/\/www.europesays.com\/pt\/wp-json\/wp\/v2\/media?parent=226235"}],"wp:term":[{"taxonomy":"category","embeddable":true,"href":"https:\/\/www.europesays.com\/pt\/wp-json\/wp\/v2\/categories?post=226235"},{"taxonomy":"post_tag","embeddable":true,"href":"https:\/\/www.europesays.com\/pt\/wp-json\/wp\/v2\/tags?post=226235"}],"curies":[{"name":"wp","href":"https:\/\/api.w.org\/{rel}","templated":true}]}}