{"id":226241,"date":"2026-01-12T15:38:07","date_gmt":"2026-01-12T15:38:07","guid":{"rendered":"https:\/\/www.europesays.com\/pt\/226241\/"},"modified":"2026-01-12T15:38:07","modified_gmt":"2026-01-12T15:38:07","slug":"adeus-dores-cronicas-nova-descoberta-cientifica-pode-trazer-alivio-para-pacientes","status":"publish","type":"post","link":"https:\/\/www.europesays.com\/pt\/226241\/","title":{"rendered":"Adeus dores cr\u00f4nicas? Nova descoberta cient\u00edfica pode trazer al\u00edvio para pacientes"},"content":{"rendered":"<p class=\"postParagraph_post-paragraph__juWZN postParagraph_post-paragraph-innerHtml__Q5vwc\">Um <a href=\"https:\/\/www.nature.com\/articles\/d41586-025-03272-5\" rel=\"nofollow noopener\" target=\"_blank\">estudo desenvolvido pela Universidade de Pittsburgh<\/a>, nos EUA, identificou pela primeira vez o grupo de c\u00e9lulas neurais respons\u00e1vel pela ativa\u00e7\u00e3o no c\u00e9rebro dos sintomas da <a href=\"https:\/\/www.gazetadopovo.com.br\/vozes\/causas-que-transformam\/espondiloartrite-a-dor-invisivel-que-precisa-ser-ouvida\/\" rel=\"nofollow noopener\" target=\"_blank\">dor cr\u00f4nica<\/a>. Essa condi\u00e7\u00e3o m\u00e9dica \u00e9 caracterizada pela persist\u00eancia da dor por longos per\u00edodos que, segundo a Organiza\u00e7\u00e3o Mundial da Sa\u00fade, atinge cerca de 30% da popula\u00e7\u00e3o em todo o mundo.<\/p>\n<p class=\"postParagraph_post-paragraph__juWZN postParagraph_post-paragraph-innerHtml__Q5vwc\">Os cientistas acreditam ter identificado a chave para um <a href=\"https:\/\/www.gazetadopovo.com.br\/saude\/corrida-contra-tempo-ia-estrategica-diagnostico-doencas-raras\/\" rel=\"nofollow noopener\" target=\"_blank\">poss\u00edvel tratamento m\u00e9dico<\/a> a partir dos receptores Y1 (Y1R) \u2013 prote\u00ednas encontradas na membrana dos neur\u00f4nios no n\u00facleo parabraquial lateral (NPBL) do tronco cerebral.<\/p>\n<p class=\"postParagraph_post-paragraph__juWZN postParagraph_post-paragraph-innerHtml__Q5vwc\">Esses neur\u00f4nios, al\u00e9m de desempenhar importante fun\u00e7\u00e3o na regula\u00e7\u00e3o da press\u00e3o arterial, na ingest\u00e3o de alimentos e no metabolismo, tamb\u00e9m est\u00e3o ligados aos estados de dor duradoura.<\/p>\n<p>Como os cientistas pretendem tratar a dor cr\u00f4nica a partir dos resultados da pesquisa?<\/p>\n<p class=\"postParagraph_post-paragraph__juWZN postParagraph_post-paragraph-innerHtml__Q5vwc\">Em publica\u00e7\u00e3o divulgada no m\u00eas passado pela revista Nature, os cientistas americanos acreditam que &#8220;existam <a href=\"https:\/\/www.gazetadopovo.com.br\/saude\/usamos-so-10-do-cerebro-o-que-a-ciencia-diz-sobre-isso\/\" rel=\"nofollow noopener\" target=\"_blank\">circuitos no c\u00e9rebro<\/a> que podem reduzir a atividade dos neur\u00f4nios que transmitem o sinal de dor&#8221;.<\/p>\n<p class=\"postParagraph_post-paragraph__juWZN postParagraph_post-paragraph-innerHtml__Q5vwc\">Em colabora\u00e7\u00e3o com um laborat\u00f3rio da regi\u00e3o de Pittsburgh, os pesquisadores utilizaram o exame de c\u00e1lcio para analisar a atua\u00e7\u00e3o dos neur\u00f4nios em tempo real em modelos cl\u00ednicos de dor cr\u00f4nica. Eles descobriram que os neur\u00f4nios Y1R n\u00e3o apenas reagiam \u00e0 dor aguda, como tamb\u00e9m continuavam \u201cdisparando\u201d sinais neurais durante a dor cr\u00f4nica, estado cl\u00ednico que os m\u00e9dicos chamam\u00a0 de \u201catividade t\u00f4nica\u201d.<\/p>\n<p class=\"postParagraph_post-paragraph__juWZN postParagraph_post-paragraph-innerHtml__Q5vwc\">Um dos respons\u00e1veis pelo estudo, o neurocientista J. Nicholas Betley, compara a chamada \u201catividade t\u00f4nica\u201d com o motor de um autom\u00f3vel que aguarda em um sinal vermelho: mesmo im\u00f3vel, o motor continua funcionando, vibrando em segundo plano. Da mesma forma, os sinais de dor permanecem ativos, \u201ctremendo e vibrando\u201d, ainda que a causa da dor j\u00e1 tenha se dissipado.<\/p>\n<p class=\"postParagraph_post-paragraph__juWZN postParagraph_post-paragraph-innerHtml__Q5vwc\">A ideia de analisar os receptores Y1R surgiu ap\u00f3s uma simples observa\u00e7\u00e3o que Betley e a equipe realizaram em 2015, quando notaram que a fome poderia \u201camortecer\u201d as respostas de dor a longo prazo.<\/p>\n<p class=\"postParagraph_post-paragraph__juWZN postParagraph_post-paragraph-innerHtml__Q5vwc\">&#8220;Pela minha pr\u00f3pria experi\u00eancia, senti que quando voc\u00ea est\u00e1 realmente com fome voc\u00ea vai fazer quase tudo para conseguir comida&#8221; afirmou Betley \u00e0 revista Nature. &#8220;Quando se tratava de dor cr\u00f4nica e persistente, a fome parecia ser mais poderosa que o analg\u00e9sico para a redu\u00e7\u00e3o da dor.&#8221;<\/p>\n<p>Modelos comportamentais: como funciona o &#8220;interruptor&#8221; do c\u00e9rebro? <\/p>\n<p class=\"postParagraph_post-paragraph__juWZN postParagraph_post-paragraph-innerHtml__Q5vwc\">Em parceria com a estudante de p\u00f3s-gradua\u00e7\u00e3o, Nitsan Goldstein, o neurocientista descobriu que outras necessidades urgentes de sobreviv\u00eancia, como a sede e o medo, tamb\u00e9m exerciam um resultado semelhante.<\/p>\n<p class=\"postParagraph_post-paragraph__juWZN postParagraph_post-paragraph-innerHtml__Q5vwc\">A partir da\u00ed, a equipe de cientistas desenvolveu modelos comportamentais, cujo resultado evidenciou que a filtragem da entrada sensorial no n\u00facleo parabraquial pode bloquear a dor duradoura quando existem outras necessidades mais agudas.<\/p>\n<p class=\"postParagraph_post-paragraph__juWZN postParagraph_post-paragraph-innerHtml__Q5vwc\">\u201cIsso nos disse que o c\u00e9rebro deve ter uma maneira embutida de priorizar necessidades urgentes de sobreviv\u00eancia sobre a dor, e quer\u00edamos encontrar os neur\u00f4nios respons\u00e1veis por essa mudan\u00e7a&#8221;, revela Goldstein.<\/p>\n<p><img alt=\"Dores cr\u00f4nicas s\u00e3o estudadas por cientistas, que fazem descoberta in\u00e9dita.\" loading=\"lazy\" width=\"638\" height=\"359\" decoding=\"async\" data-nimg=\"1\" class=\"imageDefault_image-item__lU2Dk\" style=\"color:transparent\" src=\"https:\/\/www.europesays.com\/pt\/wp-content\/uploads\/2026\/01\/tratamento-dor-cronica.jpg.webp.webp\"\/>Dores cr\u00f4nicas s\u00e3o estudadas por cientistas, que fazem descoberta in\u00e9dita. (Foto: Vitaly Gariev | Unsplash)<\/p>\n<p class=\"postParagraph_post-paragraph__juWZN postParagraph_post-paragraph-innerHtml__Q5vwc\">&#8220;\u00c9 como se o c\u00e9rebro tivesse um interruptor interno. Se voc\u00ea est\u00e1 morrendo de fome ou enfrentando um predador, voc\u00ea n\u00e3o pode se dar ao luxo de ser sobrecarregado pela dor persistente. Neur\u00f4nios ativados por essas outras amea\u00e7as liberam NPY, e NPY acalma o sinal de dor para que outras necessidades de sobreviv\u00eancia tenham preced\u00eancia.&#8221;<\/p>\n<p>Qual ser\u00e1 o futuro do estudo sobre dor cr\u00f4nica?<\/p>\n<p class=\"postParagraph_post-paragraph__juWZN postParagraph_post-paragraph-innerHtml__Q5vwc\">Os cientistas est\u00e3o esperan\u00e7osos de que os resultados do estudo permitam &#8220;usar a atividade neural Y1 como um biomarcador para a dor cr\u00f4nica, algo que os desenvolvedores farmac\u00eauticos e cl\u00ednicos careciam por muito tempo&#8221;.<\/p>\n<p class=\"postParagraph_post-paragraph__juWZN postParagraph_post-paragraph-innerHtml__Q5vwc\">&#8220;Neste momento, os pacientes podem ir a um ortopedista ou neurologista, e n\u00e3o h\u00e1 les\u00e3o clara. Mas eles ainda est\u00e3o com dor. O que estamos mostrando \u00e9 que o problema pode n\u00e3o estar nos nervos no local da les\u00e3o, mas no pr\u00f3prio circuito cerebral. Se pudermos atingir esses neur\u00f4nios, isso abre um novo caminho para o tratamento&#8221;, completa Goldstein.<\/p>\n<p class=\"postParagraph_post-paragraph__juWZN postParagraph_post-paragraph-innerHtml__Q5vwc\">A pesquisa tamb\u00e9m sugere que interven\u00e7\u00f5es comportamentais, como <a href=\"https:\/\/www.gazetadopovo.com.br\/ideias\/como-o-exercicio-fisico-pode-auxiliar-no-controle-da-pre-diabetes-e-da-insonia\/\" rel=\"nofollow noopener\" target=\"_blank\">exerc\u00edcios f\u00edsicos<\/a>, medita\u00e7\u00e3o e terapias cognitivo-comportamentais (TCC), podem influenciar na forma como os circuitos cerebrais respons\u00e1veis pela dor s\u00e3o ativados \u2013 da mesma forma que os cientistas puderam comprovar, em laborat\u00f3rio, no caso da fome e do medo.<\/p>\n","protected":false},"excerpt":{"rendered":"Um estudo desenvolvido pela Universidade de Pittsburgh, nos EUA, identificou pela primeira vez o grupo de c\u00e9lulas neurais&hellip;\n","protected":false},"author":2,"featured_media":226242,"comment_status":"","ping_status":"","sticky":false,"template":"","format":"standard","meta":{"footnotes":""},"categories":[86],"tags":[116,32,33,117],"class_list":{"0":"post-226241","1":"post","2":"type-post","3":"status-publish","4":"format-standard","5":"has-post-thumbnail","7":"category-saude","8":"tag-health","9":"tag-portugal","10":"tag-pt","11":"tag-saude"},"share_on_mastodon":{"url":"https:\/\/pubeurope.com\/@pt\/115882878774577235","error":""},"_links":{"self":[{"href":"https:\/\/www.europesays.com\/pt\/wp-json\/wp\/v2\/posts\/226241","targetHints":{"allow":["GET"]}}],"collection":[{"href":"https:\/\/www.europesays.com\/pt\/wp-json\/wp\/v2\/posts"}],"about":[{"href":"https:\/\/www.europesays.com\/pt\/wp-json\/wp\/v2\/types\/post"}],"author":[{"embeddable":true,"href":"https:\/\/www.europesays.com\/pt\/wp-json\/wp\/v2\/users\/2"}],"replies":[{"embeddable":true,"href":"https:\/\/www.europesays.com\/pt\/wp-json\/wp\/v2\/comments?post=226241"}],"version-history":[{"count":0,"href":"https:\/\/www.europesays.com\/pt\/wp-json\/wp\/v2\/posts\/226241\/revisions"}],"wp:featuredmedia":[{"embeddable":true,"href":"https:\/\/www.europesays.com\/pt\/wp-json\/wp\/v2\/media\/226242"}],"wp:attachment":[{"href":"https:\/\/www.europesays.com\/pt\/wp-json\/wp\/v2\/media?parent=226241"}],"wp:term":[{"taxonomy":"category","embeddable":true,"href":"https:\/\/www.europesays.com\/pt\/wp-json\/wp\/v2\/categories?post=226241"},{"taxonomy":"post_tag","embeddable":true,"href":"https:\/\/www.europesays.com\/pt\/wp-json\/wp\/v2\/tags?post=226241"}],"curies":[{"name":"wp","href":"https:\/\/api.w.org\/{rel}","templated":true}]}}