{"id":226245,"date":"2026-01-12T15:43:08","date_gmt":"2026-01-12T15:43:08","guid":{"rendered":"https:\/\/www.europesays.com\/pt\/226245\/"},"modified":"2026-01-12T15:43:08","modified_gmt":"2026-01-12T15:43:08","slug":"montenegro-desmente-crise-no-sns-e-culpa-percecoes","status":"publish","type":"post","link":"https:\/\/www.europesays.com\/pt\/226245\/","title":{"rendered":"Montenegro desmente crise no SNS e culpa perce\u00e7\u00f5es"},"content":{"rendered":"<p data-remotead-prev-elm=\"true\" data-remotead-elm-id=\"inread\">&#8220;Somos todos os dias confrontados com uma perce\u00e7\u00e3o de problemas e de crise permanente do SNS . Felizmente, isso n\u00e3o \u00e9 a realidade&#8221;, referiu Lu\u00eds Montenegro durante a cerim\u00f3nia de inaugura\u00e7\u00e3o da nova sede da Dire\u00e7\u00e3o Executiva do SNS, no Porto. No final da cerim\u00f3nia, n\u00e3o prestou declara\u00e7\u00f5es \u00e0 comunica\u00e7\u00e3o social.<\/p>\n<p>&#8220;Portugal tem uma garantia de acesso \u00e0 Sa\u00fade como em poucos pa\u00edses do mundo, o que \u00e9 atestado por relat\u00f3rios. N\u00e3o podemos fazer dos casos que temos a generaliza\u00e7\u00e3o&#8221;, apelou.<\/p>\n<p>Num discurso em que procurou tra\u00e7ar o retrato recente do SNS, o l\u00edder do Governo fez a sua leitura do que t\u00eam sido os dias recentes no setor da sa\u00fade. &#8220;Os tempos de espera s\u00e3o os mais baixos dos \u00faltimos cinco anos, os melhores. N\u00e3o h\u00e1 motivos para dizer que vivemos uma situa\u00e7\u00e3o ca\u00f3tica porque n\u00e3o vivemos&#8221;, enfatizou. &#8220;Os profissionais dos SNS enfrentam 150 mil atos di\u00e1rios&#8221;, contabilizou.<\/p>\n<p data-remotead-prev-elm=\"true\" data-remotead-elm-id=\"centro1\">No entanto, deixou uma garantia: &#8220;N\u00e3o \u00e9 motivo para estarmos satisfeitos porque podemos melhorar ainda mais&#8221;, assegurou durante uma interven\u00e7\u00e3o que durou cerca de 30 minutos e que foi acompanhada, entre outros, pela ministra da Sa\u00fade, Ana Paula Martins, que n\u00e3o usou da palavra mas ouviu palavras e elogio de Montenegro. &#8220;Tem demonstrado compet\u00eancia e resist\u00eancia not\u00e1veis. \u00c9 assim que se gere o SNS. Os que se amedrontam e caem na primeira curva n\u00e3o t\u00eam capacidade para servir o pa\u00eds&#8221;.<\/p>\n<p>Tamb\u00e9m foi garantido que as rela\u00e7\u00f5es com Marcelo Rebelo de Sousa n\u00e3o sofreram qualquer fric\u00e7\u00e3o &#8211; &#8220;as coisas est\u00e3o acertadas com o Presidente da Rep\u00fablica, que recentemente aprovou dois diplomas sobre os quais tinha mais d\u00favidas&#8221;. S\u00f3 n\u00e3o foi respondido o repto de Marques Mendes, candidato presidencial apoiado pelo PSD, que pediu a Ana Paula Martins que prestasse explica\u00e7\u00f5es sobre os recentes casos no setor que tutela porque, segundo disse, o &#8220;vazio gera alarme social&#8221;.<\/p>\n<p>Idosos, migrantes e cr\u00edticos<\/p>\n<p>No que diz respeito ao futuro do Sistema Nacional de Sa\u00fade, Lu\u00eds Montenegro adivinhou &#8220;desafios gigantes&#8221; associados ao envelhecimento da popula\u00e7\u00e3o, ao aumento da popula\u00e7\u00e3o migrante em Portugal e \u00e0 perda de profissionais. &#8220;H\u00e1 quadros qualificados que procuram oportunidades no estrangeiro e, ao mesmo tempo, ingressaram no pa\u00eds muitos migrantes, que, e muito bem, t\u00eam direito a uma resposta de sa\u00fade&#8221;, descreveu. Trata-se, disse, de &#8220;contextos novos a que o SNS n\u00e3o estava habituado&#8221;.<\/p>\n<p data-remotead-prev-elm=\"true\" data-remotead-elm-id=\"centro2\">O primeiro-ministro deixou ainda cr\u00edticas sem destinat\u00e1rio direto a quem se op\u00f5e \u00e0s reformas do Governo no setor. &#8220;H\u00e1 alguns para quem est\u00e1 sempre tudo mal. As pessoas reclamam sempre mudan\u00e7as e depois contrastam-nas. N\u00e3o nos deixamos intimidar, vamos seguir em frente para conseguirmos resultados diferentes daqueles que temos tido&#8221;, assegurou.<\/p>\n<p>Terminada a sua interven\u00e7\u00e3o, que durou cerca de 30 minutos, Montenegro acelerou o passo e dirigiu-se ao carro oficial sem falar aos \u00f3rg\u00e3os de comunica\u00e7\u00e3o presentes.<\/p>\n<p>Recorde-se que a nova sede da Dire\u00e7\u00e3o Executiva do SNS foi inaugurada ap\u00f3s a entidade ter estado instalada de forma provis\u00f3ria desde a sua funda\u00e7\u00e3o, em 2022, num espa\u00e7o do Hospital de S\u00e3o Jo\u00e3o, no Porto.<\/p>\n<p>O edif\u00edcio situa-se na zona do Viso, tamb\u00e9m no Porto, e pertencia ao Minist\u00e9rio da Economia.<\/p>\n","protected":false},"excerpt":{"rendered":"&#8220;Somos todos os dias confrontados com uma perce\u00e7\u00e3o de problemas e de crise permanente do SNS . Felizmente,&hellip;\n","protected":false},"author":2,"featured_media":226246,"comment_status":"","ping_status":"","sticky":false,"template":"","format":"standard","meta":{"footnotes":""},"categories":[10],"tags":[27,28,15,16,14,25,26,1447,21,22,619,12,13,19,20,32,23,24,33,2649,17,18,29,30,31],"class_list":{"0":"post-226245","1":"post","2":"type-post","3":"status-publish","4":"format-standard","5":"has-post-thumbnail","7":"category-portugal","8":"tag-breaking-news","9":"tag-breakingnews","10":"tag-featured-news","11":"tag-featurednews","12":"tag-headlines","13":"tag-latest-news","14":"tag-latestnews","15":"tag-luis-montenegro","16":"tag-main-news","17":"tag-mainnews","18":"tag-nacional","19":"tag-news","20":"tag-noticias","21":"tag-noticias-principais","22":"tag-noticiasprincipais","23":"tag-portugal","24":"tag-principais-noticias","25":"tag-principaisnoticias","26":"tag-pt","27":"tag-sns","28":"tag-top-stories","29":"tag-topstories","30":"tag-ultimas","31":"tag-ultimas-noticias","32":"tag-ultimasnoticias"},"share_on_mastodon":{"url":"https:\/\/pubeurope.com\/@pt\/115882898423877835","error":""},"_links":{"self":[{"href":"https:\/\/www.europesays.com\/pt\/wp-json\/wp\/v2\/posts\/226245","targetHints":{"allow":["GET"]}}],"collection":[{"href":"https:\/\/www.europesays.com\/pt\/wp-json\/wp\/v2\/posts"}],"about":[{"href":"https:\/\/www.europesays.com\/pt\/wp-json\/wp\/v2\/types\/post"}],"author":[{"embeddable":true,"href":"https:\/\/www.europesays.com\/pt\/wp-json\/wp\/v2\/users\/2"}],"replies":[{"embeddable":true,"href":"https:\/\/www.europesays.com\/pt\/wp-json\/wp\/v2\/comments?post=226245"}],"version-history":[{"count":0,"href":"https:\/\/www.europesays.com\/pt\/wp-json\/wp\/v2\/posts\/226245\/revisions"}],"wp:featuredmedia":[{"embeddable":true,"href":"https:\/\/www.europesays.com\/pt\/wp-json\/wp\/v2\/media\/226246"}],"wp:attachment":[{"href":"https:\/\/www.europesays.com\/pt\/wp-json\/wp\/v2\/media?parent=226245"}],"wp:term":[{"taxonomy":"category","embeddable":true,"href":"https:\/\/www.europesays.com\/pt\/wp-json\/wp\/v2\/categories?post=226245"},{"taxonomy":"post_tag","embeddable":true,"href":"https:\/\/www.europesays.com\/pt\/wp-json\/wp\/v2\/tags?post=226245"}],"curies":[{"name":"wp","href":"https:\/\/api.w.org\/{rel}","templated":true}]}}