{"id":226247,"date":"2026-01-12T15:45:08","date_gmt":"2026-01-12T15:45:08","guid":{"rendered":"https:\/\/www.europesays.com\/pt\/226247\/"},"modified":"2026-01-12T15:45:08","modified_gmt":"2026-01-12T15:45:08","slug":"manifestacao-fisica-dos-ecos-da-ditadura","status":"publish","type":"post","link":"https:\/\/www.europesays.com\/pt\/226247\/","title":{"rendered":"\u2018manifesta\u00e7\u00e3o f\u00edsica dos ecos da ditadura\u2019"},"content":{"rendered":"<p dir=\"ltr\">Depois de fazer hist\u00f3ria no Globo de Ouro 2026, na madrugada desta segunda-feira (12\/1), Wagner Moura refor\u00e7ou a import\u00e2ncia do cinema para a mem\u00f3ria hist\u00f3rica no Brasil. O ator, que venceu como <strong><a href=\"https:\/\/www.em.com.br\/cultura\/2026\/01\/7330833-wagner-moura-vence-o-globo-de-ouro-de-melhor-ator-por-o-agente-secreto.html\" target=\"_blank\" rel=\"nofollow noopener\">Melhor Ator em Filme de Drama<\/a><\/strong> por \u201cO Agente Secreto\u201d, falou abertamente sobre a ditadura militar e citou o ex-presidente Jair Bolsonaro ao comentar o tema.<\/p>\n<p dir=\"ltr\">&#13;\n<\/p>\n<p dir=\"ltr\">Questionado sobre como a ind\u00fastria internacional enxerga as produ\u00e7\u00f5es brasileiras que abordam o per\u00edodo autorit\u00e1rio, Wagner foi direto ao afirmar que o assunto segue atual. \u201cTemos que continuar fazendo filmes sobre a ditadura. A ditadura ainda \u00e9 uma cicatriz aberta na vida brasileira\u201d, declarou.<\/p>\n<p dir=\"ltr\">Para o ator, os impactos do regime militar n\u00e3o ficaram restritos ao passado. \u201cAconteceu h\u00e1 apenas 50 anos. De 2018 a 2022, tivemos um presidente de extrema-direita, fascista, no Brasil, que \u00e9 uma manifesta\u00e7\u00e3o f\u00edsica dos ecos da ditadura\u201d, disse, ao relacionar o per\u00edodo hist\u00f3rico ao mandato de Jair Bolsonaro.<\/p>\n<p dir=\"ltr\">Segundo Wagner Moura, essa perman\u00eancia explica por que narrativas como \u201cO Agente Secreto\u201d seguem sendo necess\u00e1rias. \u201cA ditadura ainda est\u00e1 muito presente no cotidiano brasileiro. Por isso, temos que continuar fazendo filmes sobre isso\u201d, refor\u00e7ou.<\/p>\n<p dir=\"ltr\"><strong><a href=\"https:\/\/www.em.com.br\/cultura\/2026\/01\/7330888-veja-o-discurso-de-wagner-moura-no-globo-de-ouro.html\" target=\"_blank\" rel=\"nofollow noopener\">Ao receber o pr\u00eamio<\/a><\/strong>, Wagner destacou o tema central do filme.\u00a0 \u201c\u00c9 um filme sobre mem\u00f3ria, a falta dela e um trauma geracional. Se um trauma pode ser passado por gera\u00e7\u00f5es, os valores tamb\u00e9m podem. Esse pr\u00eamio vai para quem est\u00e1 seguindo seus valores em momentos dif\u00edceis\u201d, afirmou.<\/p>\n<p class=\"texto\"><a href=\"https:\/\/whatsapp.com\/channel\/0029Va8e466AO7RPLL06EL2h\" target=\"_blank\" rel=\"nofollow noopener\"><strong>Siga nosso canal no WhatsApp e receba not\u00edcias relevantes para o seu dia<\/strong><\/a><\/p>\n<p dir=\"ltr\">Mais cedo, na passagem pelo<strong><a href=\"https:\/\/www.em.com.br\/cultura\/2026\/01\/7330818-wagner-moura-fala-de-politica-no-tapete-vermelho-do-globo-de-ouro.html\" target=\"_blank\" rel=\"nofollow noopener\"> tapete vermelho<\/a><\/strong>, o ator destacou que a atua\u00e7\u00e3o art\u00edstica est\u00e1 diretamente ligada ao posicionamento pol\u00edtico que assume publicamente. \u201cSou uma pessoa muito pol\u00edtica, penso politicamente, gosto de fazer filmes pol\u00edticos. \u2018O Agente Secreto\u2019 \u00e9 um deles. Seria estranho para mim trabalhar como artista pol\u00edtico e depois me esquivar de dizer o que penso\u201d, destacou.<\/p>\n","protected":false},"excerpt":{"rendered":"Depois de fazer hist\u00f3ria no Globo de Ouro 2026, na madrugada desta segunda-feira (12\/1), Wagner Moura refor\u00e7ou a&hellip;\n","protected":false},"author":2,"featured_media":226248,"comment_status":"","ping_status":"","sticky":false,"template":"","format":"standard","meta":{"footnotes":""},"categories":[145],"tags":[211,210,315,114,115,32,33,12348],"class_list":{"0":"post-226247","1":"post","2":"type-post","3":"status-publish","4":"format-standard","5":"has-post-thumbnail","7":"category-celebridades","8":"tag-celebridades","9":"tag-celebrities","10":"tag-cultura","11":"tag-entertainment","12":"tag-entretenimento","13":"tag-portugal","14":"tag-pt","15":"tag-wagner-moura"},"share_on_mastodon":{"url":"https:\/\/pubeurope.com\/@pt\/115882906245212169","error":""},"_links":{"self":[{"href":"https:\/\/www.europesays.com\/pt\/wp-json\/wp\/v2\/posts\/226247","targetHints":{"allow":["GET"]}}],"collection":[{"href":"https:\/\/www.europesays.com\/pt\/wp-json\/wp\/v2\/posts"}],"about":[{"href":"https:\/\/www.europesays.com\/pt\/wp-json\/wp\/v2\/types\/post"}],"author":[{"embeddable":true,"href":"https:\/\/www.europesays.com\/pt\/wp-json\/wp\/v2\/users\/2"}],"replies":[{"embeddable":true,"href":"https:\/\/www.europesays.com\/pt\/wp-json\/wp\/v2\/comments?post=226247"}],"version-history":[{"count":0,"href":"https:\/\/www.europesays.com\/pt\/wp-json\/wp\/v2\/posts\/226247\/revisions"}],"wp:featuredmedia":[{"embeddable":true,"href":"https:\/\/www.europesays.com\/pt\/wp-json\/wp\/v2\/media\/226248"}],"wp:attachment":[{"href":"https:\/\/www.europesays.com\/pt\/wp-json\/wp\/v2\/media?parent=226247"}],"wp:term":[{"taxonomy":"category","embeddable":true,"href":"https:\/\/www.europesays.com\/pt\/wp-json\/wp\/v2\/categories?post=226247"},{"taxonomy":"post_tag","embeddable":true,"href":"https:\/\/www.europesays.com\/pt\/wp-json\/wp\/v2\/tags?post=226247"}],"curies":[{"name":"wp","href":"https:\/\/api.w.org\/{rel}","templated":true}]}}