{"id":226261,"date":"2026-01-12T16:02:24","date_gmt":"2026-01-12T16:02:24","guid":{"rendered":"https:\/\/www.europesays.com\/pt\/226261\/"},"modified":"2026-01-12T16:02:24","modified_gmt":"2026-01-12T16:02:24","slug":"pau-santo-volta-a-caserna-andrea-soares-faz-limpeza-espiritual-aos-recrutas-tvi-player","status":"publish","type":"post","link":"https:\/\/www.europesays.com\/pt\/226261\/","title":{"rendered":"Pau Santo volta \u00e0 caserna! Andrea Soares faz &quot;limpeza&quot; espiritual aos recrutas &#8211; TVI Player"},"content":{"rendered":"<ol>\n<li><a href=\"https:\/\/news.google.com\/rss\/articles\/CBMiowFBVV95cUxPRktyaXhCSEhqblBya0tldWlDcVN2X19pSXZzeHNKOGU5MGhKMXpqcmo1MG1tNWpad3NKTVVaM3hHcVM2c0tPN1hBVFl1TEdhaVlGYTY2blN0VElsblNmbEw2LXNQdVFNWVJQRFRVQ2dRT3pELWdUeGU1bkJ0YU91dGdUUkFlSjVrSVUxYVphOExIVGRXNTFDYmtmZlFEQ2trOURv?oc=5\" target=\"_blank\" rel=\"nofollow noopener\">Pau Santo volta \u00e0 caserna! Andrea Soares faz &#8220;limpeza&#8221; espiritual aos recrutas<\/a>&nbsp;&nbsp;TVI Player<\/li>\n<li><a href=\"https:\/\/news.google.com\/rss\/articles\/CBMiqAFBVV95cUxQNHl5OHlwVDVjcUx4UmVrU2s1VWRURjI1WWQ4akhLbTdNRmhGc2pjT25ybEgwNG1JZ1FWcEh3Y3AzaXdiM0pNWWZ3RkI0dE5jSk5NcjN6OFZaQ1pMY3l1ZVRjMWNjX3hza2kwSU9yUXVIRmpUNVNKM1RoNldPR0lndThld1lmX0VYWXIwLXFFRzhTWm10T2dYZXJXSnpDZ2ktOUdDbEtfbXQ?oc=5\" target=\"_blank\" rel=\"nofollow noopener\">Recrutas em &#8216;p\u00e2nico&#8217; com movimentos noturnos de Andrea Soares: &#8220;Foi um momento horr\u00edvel&#8230;&#8221;<\/a>&nbsp;&nbsp;Hiper Fm<\/li>\n<li><a href=\"https:\/\/news.google.com\/rss\/articles\/CBMiqwFBVV95cUxNM25wMi1IbmZvdTNMUzMxTkpLSzBJdnViRkN1dllUcmN4SERNTGpHSTQ4UWg4d3dNT3p3NWtiOVhNLTBwVVlFMlFLNlhucHY5Sk1uVDQxb2JGY3VtUXMwWEhTTnNXODlVb2NneUhaM0d5WHN3NU03WWp4NXVCTkc5M3BUZmswMFRqMXdMWThaQm12eHFfYV9iVFJkY2t4RTQ4ZmcydlcxUGY0ckHSAasBQVVfeXFMTTNucDItSG5mb3UzTFMzMU5KS0swSXZ1YkZDdXZZVHJjeEhETUxqR0k0OFFoOHd3TU96dzVrYjlYTS0wcFVZRTJRSzZYbnB2OUpNblQ0MW9iRmN1bVFzMFhIU05zVzg5VW9jZ3lIWjNHeVhzdzVNN1lqeDV1Qk5HOTNwVGZrMDBUajF3TFk4WkJtdnhxX2FfYlRSZGNreEU0OGZnMnZXMVBmNHJB?oc=5\" target=\"_blank\" rel=\"nofollow noopener\">Susto noturno na \u201c1.\u00aa Companhia\u201d: movimentos de Andrea Soares alarmam Kina e Pedro Barroso<\/a>&nbsp;&nbsp;infocul.pt<\/li>\n<li><a href=\"https:\/\/news.google.com\/rss\/articles\/CBMitwFBVV95cUxQcTVGYmthdWoxczhwckJOZUg2dmlHSmQ3WEZnN0xORGt6c3BWNGdoNUVHVkZvV0RqTHZodE13eVRYbnRXel8xZVE5M1ozYWZBaDROakFJdVQ1ZVF2YWJHb3o0SGhBb1NIQm00WmhGbjQzTFNQbEQyMEI4Uy1VZ1hIRDlVV2FJX0hsSmpITlp1NlQwOXJKcHVjNEl6aW5UT2RzQlQxcWEtSG5oYU96MEtGcFRKbVJGdlE?oc=5\" target=\"_blank\" rel=\"nofollow noopener\">1\u00aa Companhia &#8211; Susto! Comportamento de Andrea Soares gera preocupa\u00e7\u00e3o entre os colegas: &#8220;Est\u00e1s bem?&#8221;<\/a>&nbsp;&nbsp;TV 7 Dias<\/li>\n<\/ol>\n","protected":false},"excerpt":{"rendered":"Pau Santo volta \u00e0 caserna! Andrea Soares faz &#8220;limpeza&#8221; espiritual aos recrutas&nbsp;&nbsp;TVI Player Recrutas em &#8216;p\u00e2nico&#8217; com movimentos&hellip;\n","protected":false},"author":2,"featured_media":226262,"comment_status":"","ping_status":"","sticky":false,"template":"","format":"standard","meta":{"footnotes":""},"categories":[142],"tags":[41411,114,115,32,33,151],"class_list":{"0":"post-226261","1":"post","2":"type-post","3":"status-publish","4":"format-standard","5":"has-post-thumbnail","7":"category-tv","8":"tag-andrea-soares","9":"tag-entertainment","10":"tag-entretenimento","11":"tag-portugal","12":"tag-pt","13":"tag-tv"},"share_on_mastodon":{"url":"https:\/\/pubeurope.com\/@pt\/115882973089679139","error":""},"_links":{"self":[{"href":"https:\/\/www.europesays.com\/pt\/wp-json\/wp\/v2\/posts\/226261","targetHints":{"allow":["GET"]}}],"collection":[{"href":"https:\/\/www.europesays.com\/pt\/wp-json\/wp\/v2\/posts"}],"about":[{"href":"https:\/\/www.europesays.com\/pt\/wp-json\/wp\/v2\/types\/post"}],"author":[{"embeddable":true,"href":"https:\/\/www.europesays.com\/pt\/wp-json\/wp\/v2\/users\/2"}],"replies":[{"embeddable":true,"href":"https:\/\/www.europesays.com\/pt\/wp-json\/wp\/v2\/comments?post=226261"}],"version-history":[{"count":0,"href":"https:\/\/www.europesays.com\/pt\/wp-json\/wp\/v2\/posts\/226261\/revisions"}],"wp:featuredmedia":[{"embeddable":true,"href":"https:\/\/www.europesays.com\/pt\/wp-json\/wp\/v2\/media\/226262"}],"wp:attachment":[{"href":"https:\/\/www.europesays.com\/pt\/wp-json\/wp\/v2\/media?parent=226261"}],"wp:term":[{"taxonomy":"category","embeddable":true,"href":"https:\/\/www.europesays.com\/pt\/wp-json\/wp\/v2\/categories?post=226261"},{"taxonomy":"post_tag","embeddable":true,"href":"https:\/\/www.europesays.com\/pt\/wp-json\/wp\/v2\/tags?post=226261"}],"curies":[{"name":"wp","href":"https:\/\/api.w.org\/{rel}","templated":true}]}}