{"id":226269,"date":"2026-01-12T16:11:12","date_gmt":"2026-01-12T16:11:12","guid":{"rendered":"https:\/\/www.europesays.com\/pt\/226269\/"},"modified":"2026-01-12T16:11:12","modified_gmt":"2026-01-12T16:11:12","slug":"alto-minho-carro-capotado-em-rotunda-da-en13","status":"publish","type":"post","link":"https:\/\/www.europesays.com\/pt\/226269\/","title":{"rendered":"Alto Minho: Carro capotado em rotunda da EN13"},"content":{"rendered":"<p>\t\t\t[atualizada 11h12 \u2013 com corre\u00e7\u00e3o na designa\u00e7\u00e3o da estrada]<\/p>\n<p>\u00a0<\/p>\n<p>\u00a0<\/p>\n<p>Um carro entrou em despiste ao final da madrugada deste domingo<strong> numa rotunda da Estrada Nacional (EN) 13, em Areosa<\/strong>, Viana do Castelo [e n\u00e3o EN13 como inicialmente noticiado]<\/p>\n<p>\u00a0<\/p>\n<p>Do acidente n\u00e3o ter\u00e3o resultado quaisquer feridos.<\/p>\n<p>\u00a0<\/p>\n<p>Segundo o jornal <a href=\"https:\/\/ominho.pt\/capotamento-na-rotunda-do-intermarche-em-viana\/?fbclid=IwY2xjawPQWoZleHRuA2FlbQIxMQBzcnRjBmFwcF9pZBAyMjIwMzkxNzg4MjAwODkyAAEeO6VZEaBE2AhTB5s1jEijkTzAHbZnME4lDID561glL2Yp3S7-EfjYzII3Scw_aem_1IGGE0jZ8jaU0KVjfw6AYg\" rel=\"nofollow noopener\" target=\"_blank\">O Minho<\/a>, <strong>os bombeiros foram chamados para efetuar a limpeza da via,<\/strong> uma vez que ficaram espalhados v\u00e1rios destro\u00e7os da viatura.<\/p>\n<p>\u00a0<\/p>\n<p>\u00a0<\/p>\n<p>A PSP esteve no local e registou a ocorr\u00eancia.<\/p>\n<p>\u00a0<\/p>\n<p>\u00a0<\/p>\n<p>[cr\u00e9dito fotografia: redes sociais]<\/p>\n","protected":false},"excerpt":{"rendered":"[atualizada 11h12 \u2013 com corre\u00e7\u00e3o na designa\u00e7\u00e3o da estrada] \u00a0 \u00a0 Um carro entrou em despiste ao final&hellip;\n","protected":false},"author":2,"featured_media":226270,"comment_status":"","ping_status":"","sticky":false,"template":"","format":"standard","meta":{"footnotes":""},"categories":[10],"tags":[27,28,15,16,14,25,26,21,22,12,13,19,20,32,23,24,33,17,18,29,30,31],"class_list":{"0":"post-226269","1":"post","2":"type-post","3":"status-publish","4":"format-standard","5":"has-post-thumbnail","7":"category-portugal","8":"tag-breaking-news","9":"tag-breakingnews","10":"tag-featured-news","11":"tag-featurednews","12":"tag-headlines","13":"tag-latest-news","14":"tag-latestnews","15":"tag-main-news","16":"tag-mainnews","17":"tag-news","18":"tag-noticias","19":"tag-noticias-principais","20":"tag-noticiasprincipais","21":"tag-portugal","22":"tag-principais-noticias","23":"tag-principaisnoticias","24":"tag-pt","25":"tag-top-stories","26":"tag-topstories","27":"tag-ultimas","28":"tag-ultimas-noticias","29":"tag-ultimasnoticias"},"share_on_mastodon":{"url":"https:\/\/pubeurope.com\/@pt\/115883008450428791","error":""},"_links":{"self":[{"href":"https:\/\/www.europesays.com\/pt\/wp-json\/wp\/v2\/posts\/226269","targetHints":{"allow":["GET"]}}],"collection":[{"href":"https:\/\/www.europesays.com\/pt\/wp-json\/wp\/v2\/posts"}],"about":[{"href":"https:\/\/www.europesays.com\/pt\/wp-json\/wp\/v2\/types\/post"}],"author":[{"embeddable":true,"href":"https:\/\/www.europesays.com\/pt\/wp-json\/wp\/v2\/users\/2"}],"replies":[{"embeddable":true,"href":"https:\/\/www.europesays.com\/pt\/wp-json\/wp\/v2\/comments?post=226269"}],"version-history":[{"count":0,"href":"https:\/\/www.europesays.com\/pt\/wp-json\/wp\/v2\/posts\/226269\/revisions"}],"wp:featuredmedia":[{"embeddable":true,"href":"https:\/\/www.europesays.com\/pt\/wp-json\/wp\/v2\/media\/226270"}],"wp:attachment":[{"href":"https:\/\/www.europesays.com\/pt\/wp-json\/wp\/v2\/media?parent=226269"}],"wp:term":[{"taxonomy":"category","embeddable":true,"href":"https:\/\/www.europesays.com\/pt\/wp-json\/wp\/v2\/categories?post=226269"},{"taxonomy":"post_tag","embeddable":true,"href":"https:\/\/www.europesays.com\/pt\/wp-json\/wp\/v2\/tags?post=226269"}],"curies":[{"name":"wp","href":"https:\/\/api.w.org\/{rel}","templated":true}]}}