{"id":226273,"date":"2026-01-12T16:16:24","date_gmt":"2026-01-12T16:16:24","guid":{"rendered":"https:\/\/www.europesays.com\/pt\/226273\/"},"modified":"2026-01-12T16:16:24","modified_gmt":"2026-01-12T16:16:24","slug":"paramount-coloca-parte-da-mtv-a-venda-para-reinventar-emissora","status":"publish","type":"post","link":"https:\/\/www.europesays.com\/pt\/226273\/","title":{"rendered":"Paramount coloca parte da MTV \u00e0 venda para reinventar emissora"},"content":{"rendered":"<p class=\"wp-block-yoast-seo-estimated-reading-time yoast-reading-time__wrapper\">Estimated reading time: 2 minutos<\/p>\n<p>A <a href=\"https:\/\/ovicio.com.br\/tag\/MTV\/\" target=\"_blank\" rel=\"noreferrer noopener nofollow\">MTV<\/a> est\u00e1 h\u00e1 duas d\u00e9cadas em estado de estagna\u00e7\u00e3o, ap\u00f3s ter sido uma das marcas mais fortes da cultura pop. A <a href=\"https:\/\/ovicio.com.br\/tag\/Paramount\/\" target=\"_blank\" rel=\"noreferrer noopener nofollow\">Paramount<\/a>, preocupada com a queda de valor da marca, colocou parte da emissora \u00e0 venda para parceiros estrat\u00e9gicos que a ajudem a trazer os dias gloriosos de volta.<\/p>\n<p>A equipe de <strong>David Ellison<\/strong> contratou assessores financeiros para ajudar a identificar esses parceiros em potencial. O plano \u00e9 que seja feito um investimento em dinheiro na <strong>MTV <\/strong>junto a ativos adicionais, como direitos musicais e conex\u00f5es com os principais artistas da ind\u00fastria.<\/p>\n<p>A <strong>Paramount <\/strong>acredita que pode revigorar a <strong>MTV<\/strong> como algo mais do que um canal de TV a cabo.<\/p>\n<p>Os parceiros buscados s\u00e3o empresas bem estabelecidas na ind\u00fastria musical, desde produtoras at\u00e9 plataformas de streaming.<\/p>\n<p>Por enquanto, ningu\u00e9m tem nota sobre os potenciais interessados no neg\u00f3cio. Fique atento ao <strong>O V\u00edcio <\/strong>para receber mais novidades.<\/p>\n<p>Leia mais sobre a Paramount:<\/p>\n<p><strong>Fonte:<\/strong> <a href=\"https:\/\/www.bloomberg.com\/news\/articles\/2026-01-08\/paramount-skydance-seeks-strategic-partners-to-help-reinvent-mtv\" target=\"_blank\" rel=\"noreferrer noopener nofollow\">Bloomberg<\/a><\/p>\n","protected":false},"excerpt":{"rendered":"Estimated reading time: 2 minutos A MTV est\u00e1 h\u00e1 duas d\u00e9cadas em estado de estagna\u00e7\u00e3o, ap\u00f3s ter sido&hellip;\n","protected":false},"author":2,"featured_media":226274,"comment_status":"","ping_status":"","sticky":false,"template":"","format":"standard","meta":{"footnotes":""},"categories":[142],"tags":[114,115,5586,364,43543,39617,32,33,151],"class_list":{"0":"post-226273","1":"post","2":"type-post","3":"status-publish","4":"format-standard","5":"has-post-thumbnail","7":"category-tv","8":"tag-entertainment","9":"tag-entretenimento","10":"tag-mtv","11":"tag-paramount","12":"tag-paramount-network","13":"tag-paramount-skydance","14":"tag-portugal","15":"tag-pt","16":"tag-tv"},"share_on_mastodon":{"url":"https:\/\/pubeurope.com\/@pt\/115883028366163096","error":""},"_links":{"self":[{"href":"https:\/\/www.europesays.com\/pt\/wp-json\/wp\/v2\/posts\/226273","targetHints":{"allow":["GET"]}}],"collection":[{"href":"https:\/\/www.europesays.com\/pt\/wp-json\/wp\/v2\/posts"}],"about":[{"href":"https:\/\/www.europesays.com\/pt\/wp-json\/wp\/v2\/types\/post"}],"author":[{"embeddable":true,"href":"https:\/\/www.europesays.com\/pt\/wp-json\/wp\/v2\/users\/2"}],"replies":[{"embeddable":true,"href":"https:\/\/www.europesays.com\/pt\/wp-json\/wp\/v2\/comments?post=226273"}],"version-history":[{"count":0,"href":"https:\/\/www.europesays.com\/pt\/wp-json\/wp\/v2\/posts\/226273\/revisions"}],"wp:featuredmedia":[{"embeddable":true,"href":"https:\/\/www.europesays.com\/pt\/wp-json\/wp\/v2\/media\/226274"}],"wp:attachment":[{"href":"https:\/\/www.europesays.com\/pt\/wp-json\/wp\/v2\/media?parent=226273"}],"wp:term":[{"taxonomy":"category","embeddable":true,"href":"https:\/\/www.europesays.com\/pt\/wp-json\/wp\/v2\/categories?post=226273"},{"taxonomy":"post_tag","embeddable":true,"href":"https:\/\/www.europesays.com\/pt\/wp-json\/wp\/v2\/tags?post=226273"}],"curies":[{"name":"wp","href":"https:\/\/api.w.org\/{rel}","templated":true}]}}