{"id":226275,"date":"2026-01-12T16:17:07","date_gmt":"2026-01-12T16:17:07","guid":{"rendered":"https:\/\/www.europesays.com\/pt\/226275\/"},"modified":"2026-01-12T16:17:07","modified_gmt":"2026-01-12T16:17:07","slug":"britney-spears-anuncia-que-nao-fara-mais-shows-nos-estados-unidos","status":"publish","type":"post","link":"https:\/\/www.europesays.com\/pt\/226275\/","title":{"rendered":"Britney Spears anuncia que n\u00e3o far\u00e1 mais shows nos Estados Unidos"},"content":{"rendered":"<p>\n                        Popstar explicou decis\u00e3o e revela planos de apresenta\u00e7\u00f5es internacionais\n                    <\/p>\n<ul class=\"article__header__author\">\n<li class=\"article__header__author__item\">\n                                                Por:<br \/>\n                                                                                    TMJ Brazil \/ The Music Journal\n                                                                        <\/li>\n<\/ul>\n<p><img loading=\"lazy\" decoding=\"async\" alt=\"Britney Spears anuncia que n\u00e3o far\u00e1 mais shows nos Estados Unidos\" class=\"img-7f687e9fd7110d6850a24777ccc27e7a5kjnr1r6\" height=\"406\" src=\"https:\/\/www.europesays.com\/pt\/wp-content\/uploads\/2026\/01\/1229512374-britney-spears-instagram.png\"  title=\"Britney Spears anuncia que n\u00e3o far\u00e1 mais shows nos Estados Unidos\" width=\"774\"\/><\/p>\n<p>Britney Spears anuncia que n\u00e3o far\u00e1 mais shows nos Estados Unidos<\/p>\n<p>Foto: The Music Journal<\/p>\n<p class=\"text\" style=\"text-align: justify;\">A popstar <a href=\"https:\/\/www.terra.com.br\/tudo-sobre\/britney-spears\" target=\"_self\" rel=\"nofollow noopener\">Britney Spears<\/a> fez uma declara\u00e7\u00e3o recente no Instagram que n\u00e3o pretende mais realizar apresenta\u00e7\u00f5es nos <strong>Estados Unidos<\/strong>. A artista afirmou que sua decis\u00e3o est\u00e1 ligada a <strong>raz\u00f5es extremamente sens\u00edveis,<\/strong> sem detalhar quais seriam.<\/p>\n<p class=\"text\" style=\"text-align: justify;\">A mensagem foi acompanhada de uma foto antiga em que <strong>Spears<\/strong> aparece ao lado de um piano branco da marca<strong> Yamaha<\/strong>, instrumento que, segundo ela, ser\u00e1 enviado ao filho neste ano.<\/p>\n<p class=\"text\" style=\"text-align: justify;\">Na legenda, <strong>Britney<\/strong> escreveu: &#8220;Estou enviando este piano para meu filho este ano. Curiosamente, eu dan\u00e7o no Instagram para curar coisas no meu corpo que as pessoas n\u00e3o t\u00eam ideia. Sim, e \u00e0s vezes \u00e9 constrangedor, mas eu caminhei pelo fogo para salvar minha vida.&#8221;<\/p>\n<p class=\"text\" style=\"text-align: justify;\">A cantora refor\u00e7ou que n\u00e3o voltar\u00e1 a se apresentar em territ\u00f3rio norte-americano, mas deixou aberta a possibilidade de realizar shows em outros pa\u00edses.<\/p>\n<p class=\"text\" style=\"text-align: justify;\">Ela mencionou especificamente o <strong>Reino Unido<\/strong> e a<strong> Austr\u00e1lia<\/strong> como locais onde espera subir ao palco em breve.<\/p>\n<p><strong>&#8220;Eu nunca mais vou me apresentar nos Estados Unidos por raz\u00f5es extremamente sens\u00edveis&#8221; &#8211; Britney Spears<\/strong><\/p>\n<p class=\"text\" style=\"text-align: justify;\">&#8220;Eu nunca mais vou me apresentar nos Estados Unidos por raz\u00f5es extremamente sens\u00edveis, mas espero estar sentada em um banquinho com uma rosa vermelha no cabelo, em um coque, me apresentando com meu filho\u2026 no Reino Unido e na Austr\u00e1lia muito em breve.&#8221;, disse <strong>Britney Spears<\/strong>.<\/p>\n<p class=\"text\" style=\"text-align: justify;\">Na mesma publica\u00e7\u00e3o, <a href=\"https:\/\/www.instagram.com\/britneyspears\/\" rel=\"nofollow noopener\" target=\"_blank\"><strong>Britney Spears<\/strong><\/a> destacou a import\u00e2ncia de seu filho em sua vida e acrescentou: &#8220;Ele \u00e9 uma grande estrela e eu me sinto humilde em estar em sua presen\u00e7a. Deus o aben\u00e7oe, pequeno homem.&#8221;<\/p>\n<p class=\"text\" style=\"text-align: justify;\">A artista n\u00e3o especificou qual dos filhos estava mencionando. <strong>Britney<\/strong> \u00e9 m\u00e3e de <strong>Sean Preston<\/strong> e <strong>Jayden<\/strong>, frutos de seu casamento anterior com<strong> Kevin Federline<\/strong>.<\/p>\n<p class=\"text\" style=\"text-align: justify;\">O \u00faltimo show da cantora nos <strong>Estados Unidos<\/strong> aconteceu em outubro de 2018, durante o encerramento da turn\u00ea <strong>Piece of Me<\/strong>, realizado no<strong> Grande Pr\u00eamio de F\u00f3rmula 1<\/strong> em Austin, no Texas. Britney havia planejado retornar a<strong> Las Vegas<\/strong> em 2019 com uma nova resid\u00eancia intitulada <strong>Domination<\/strong>, mas o projeto foi cancelado.<\/p>\n<p class=\"text\" style=\"text-align: justify;\">Na \u00e9poca, ela explicou que a decis\u00e3o estava relacionada a quest\u00f5es familiares e afirmou: &#8220;Eu nem sei por onde come\u00e7ar com isso, porque \u00e9 muito dif\u00edcil para mim dizer. Eu n\u00e3o vou me apresentar no meu novo show Domination. Eu estava ansiosa por este show e por ver todos voc\u00eas este ano, ent\u00e3o fazer isso parte meu cora\u00e7\u00e3o. No entanto, \u00e9 importante sempre colocar sua fam\u00edlia em primeiro lugar\u2026 e essa foi a decis\u00e3o que tive que tomar.&#8221;<\/p>\n<p class=\"text\" style=\"text-align: justify;\"><strong>*com uso de Intelig\u00eancia Artificial na pesquisa sobre o assunto<\/strong><\/p>\n<p>                            <script async src=\"\/\/www.instagram.com\/embed.js\"><\/script><\/p>\n","protected":false},"excerpt":{"rendered":"Popstar explicou decis\u00e3o e revela planos de apresenta\u00e7\u00f5es internacionais Por: TMJ Brazil \/ The Music Journal Britney Spears&hellip;\n","protected":false},"author":2,"featured_media":226276,"comment_status":"","ping_status":"","sticky":false,"template":"","format":"standard","meta":{"footnotes":""},"categories":[141],"tags":[114,115,149,150,32,33],"class_list":{"0":"post-226275","1":"post","2":"type-post","3":"status-publish","4":"format-standard","5":"has-post-thumbnail","7":"category-musica","8":"tag-entertainment","9":"tag-entretenimento","10":"tag-music","11":"tag-musica","12":"tag-portugal","13":"tag-pt"},"share_on_mastodon":{"url":"https:\/\/pubeurope.com\/@pt\/115883032170670438","error":""},"_links":{"self":[{"href":"https:\/\/www.europesays.com\/pt\/wp-json\/wp\/v2\/posts\/226275","targetHints":{"allow":["GET"]}}],"collection":[{"href":"https:\/\/www.europesays.com\/pt\/wp-json\/wp\/v2\/posts"}],"about":[{"href":"https:\/\/www.europesays.com\/pt\/wp-json\/wp\/v2\/types\/post"}],"author":[{"embeddable":true,"href":"https:\/\/www.europesays.com\/pt\/wp-json\/wp\/v2\/users\/2"}],"replies":[{"embeddable":true,"href":"https:\/\/www.europesays.com\/pt\/wp-json\/wp\/v2\/comments?post=226275"}],"version-history":[{"count":0,"href":"https:\/\/www.europesays.com\/pt\/wp-json\/wp\/v2\/posts\/226275\/revisions"}],"wp:featuredmedia":[{"embeddable":true,"href":"https:\/\/www.europesays.com\/pt\/wp-json\/wp\/v2\/media\/226276"}],"wp:attachment":[{"href":"https:\/\/www.europesays.com\/pt\/wp-json\/wp\/v2\/media?parent=226275"}],"wp:term":[{"taxonomy":"category","embeddable":true,"href":"https:\/\/www.europesays.com\/pt\/wp-json\/wp\/v2\/categories?post=226275"},{"taxonomy":"post_tag","embeddable":true,"href":"https:\/\/www.europesays.com\/pt\/wp-json\/wp\/v2\/tags?post=226275"}],"curies":[{"name":"wp","href":"https:\/\/api.w.org\/{rel}","templated":true}]}}