{"id":226277,"date":"2026-01-12T16:19:15","date_gmt":"2026-01-12T16:19:15","guid":{"rendered":"https:\/\/www.europesays.com\/pt\/226277\/"},"modified":"2026-01-12T16:19:15","modified_gmt":"2026-01-12T16:19:15","slug":"explicada-a-capitania-de-richard-rios-frente-ao-braga-e-ja-ha-eleito-para-levar-a-bracadeira-contra-o-fc-porto","status":"publish","type":"post","link":"https:\/\/www.europesays.com\/pt\/226277\/","title":{"rendered":"explicada a capitania de Richard R\u00edos frente ao Braga e j\u00e1 h\u00e1 eleito para levar a bra\u00e7adeira contra o FC Porto"},"content":{"rendered":"<p>&#8211; Advertisement &#8211;<\/p>\n<p><strong>Richard R\u00edos foi capit\u00e3o do Benfica na parte final do jogo contra o Braga. Fredrik Aursnes vai assumir o posto contra o FC Porto.<\/strong><\/p>\n<p>De acordo com o jornal O Jogo, Fredrik Aursnes vai ser o capit\u00e3o do Benfica no encontro contra o FC Porto, v\u00e1lido pelos quartos de final da Ta\u00e7a de Portugal. Nicol\u00e1s Otamendi est\u00e1 castigado e Ant\u00f3nio Silva dever\u00e1 falhar a partida, j\u00e1 que se encontra a recuperar de uma les\u00e3o.<\/p>\n<p>Assim sendo, a bra\u00e7adeira passou para o terceiro da hierarquia, o noruegu\u00eas. A mesma fonte de informa\u00e7\u00e3o explicou a raz\u00e3o de Richard R\u00edos ter assumido o posto na partida final <a href=\"https:\/\/bolanarede.pt\/especial-bola-na-rede\/atualidade\/braga-elimina-benfica-e-vai-haver-derbi-do-minho-na-final-da-taca-da-liga\/\" target=\"_blank\" rel=\"noreferrer noopener nofollow\">da derrota frente ao Braga<\/a>, ap\u00f3s a expuls\u00e3o de Nicol\u00e1s Otamendi. <\/p>\n<p>Tudo se tratou de um processo de rapidez. Gianluca Prestianni recebeu a bra\u00e7adeira de Nicol\u00e1s Otamendi, que a tratou de dar a um elemento mais experiente, com Richard R\u00edos a ser o atleta que estava mais perto. Tom\u00e1s Ara\u00fajo deveria ter assumido a responsabilidade, mas o extremo quis agilizar o processo.<\/p>\n<p>O Benfica ainda procurava obter um bom resultado frente ao Braga e Gianluca Prestianni tratou somente de agilizar o processo, sem qualquer pol\u00e9mica. <\/p>\n","protected":false},"excerpt":{"rendered":"&#8211; Advertisement &#8211; Richard R\u00edos foi capit\u00e3o do Benfica na parte final do jogo contra o Braga. Fredrik&hellip;\n","protected":false},"author":2,"featured_media":147370,"comment_status":"","ping_status":"","sticky":false,"template":"","format":"standard","meta":{"footnotes":""},"categories":[87],"tags":[260,51,135,478,8754,18005,32,479,33,7182,134],"class_list":{"0":"post-226277","1":"post","2":"type-post","3":"status-publish","4":"format-standard","5":"has-post-thumbnail","7":"category-desporto","8":"tag-atualidade","9":"tag-benfica","10":"tag-desporto","11":"tag-destaques-bnr","12":"tag-fredrik-aursnes","13":"tag-nicolas-otamendi","14":"tag-portugal","15":"tag-primeira-liga","16":"tag-pt","17":"tag-richard-rios","18":"tag-sports"},"share_on_mastodon":{"url":"https:\/\/pubeurope.com\/@pt\/115883040187736269","error":""},"_links":{"self":[{"href":"https:\/\/www.europesays.com\/pt\/wp-json\/wp\/v2\/posts\/226277","targetHints":{"allow":["GET"]}}],"collection":[{"href":"https:\/\/www.europesays.com\/pt\/wp-json\/wp\/v2\/posts"}],"about":[{"href":"https:\/\/www.europesays.com\/pt\/wp-json\/wp\/v2\/types\/post"}],"author":[{"embeddable":true,"href":"https:\/\/www.europesays.com\/pt\/wp-json\/wp\/v2\/users\/2"}],"replies":[{"embeddable":true,"href":"https:\/\/www.europesays.com\/pt\/wp-json\/wp\/v2\/comments?post=226277"}],"version-history":[{"count":0,"href":"https:\/\/www.europesays.com\/pt\/wp-json\/wp\/v2\/posts\/226277\/revisions"}],"wp:featuredmedia":[{"embeddable":true,"href":"https:\/\/www.europesays.com\/pt\/wp-json\/wp\/v2\/media\/147370"}],"wp:attachment":[{"href":"https:\/\/www.europesays.com\/pt\/wp-json\/wp\/v2\/media?parent=226277"}],"wp:term":[{"taxonomy":"category","embeddable":true,"href":"https:\/\/www.europesays.com\/pt\/wp-json\/wp\/v2\/categories?post=226277"},{"taxonomy":"post_tag","embeddable":true,"href":"https:\/\/www.europesays.com\/pt\/wp-json\/wp\/v2\/tags?post=226277"}],"curies":[{"name":"wp","href":"https:\/\/api.w.org\/{rel}","templated":true}]}}