{"id":226282,"date":"2026-01-12T16:26:25","date_gmt":"2026-01-12T16:26:25","guid":{"rendered":"https:\/\/www.europesays.com\/pt\/226282\/"},"modified":"2026-01-12T16:26:25","modified_gmt":"2026-01-12T16:26:25","slug":"o-que-falta-para-oficializar-a-contratacao","status":"publish","type":"post","link":"https:\/\/www.europesays.com\/pt\/226282\/","title":{"rendered":"o que falta para oficializar a contrata\u00e7\u00e3o"},"content":{"rendered":"<p>&#8211; Advertisement &#8211;<\/p>\n<p><strong>Souleymane Faye est\u00e1 muito perto de ser refor\u00e7o do Sporting. O extremo prepara-se para abandonar o Granada.<\/strong><\/p>\n<p>Souleymane Faye est\u00e1 perto de ser refor\u00e7o do Sporting por seis milh\u00f5es e meio de euros. De acordo com a imprensa espanhola, o jogador ainda n\u00e3o viajou para Lisboa, j\u00e1 que ainda n\u00e3o existe um entendimento entre os le\u00f5es e o Granada em rela\u00e7\u00e3o aos prazos de pagamento.<\/p>\n<p>Ainda assim, o acordo mant\u00e9m-se firme e o extremo pode mesmo integrar os trabalhos do Sporting no pr\u00f3ximo treino orientado por Rui Borges, marcado para ter\u00e7a-feira. Antes disso, Souleymane Faye ter\u00e1 que ser oficializado e apresentado como novo membro dos verde e brancos.<\/p>\n<p>Souleymane Faye n\u00e3o se encontra a trabalhar \u00e0s ordens de Pacheta,<a href=\"https:\/\/bolanarede.pt\/especial-bola-na-rede\/atualidade\/souleymane-faye-e-o-sporting-ainda-nao-sei-mas-obrigado-por-tudo\/\" target=\"_blank\" rel=\"noreferrer noopener nofollow\"> que j\u00e1 confirmou que o atleta se encontra a ser negociado<\/a>. Na presente temporada soma 21 jogos, dois golos marcados e seis assist\u00eancias.<\/p>\n","protected":false},"excerpt":{"rendered":"&#8211; Advertisement &#8211; Souleymane Faye est\u00e1 muito perto de ser refor\u00e7o do Sporting. O extremo prepara-se para abandonar&hellip;\n","protected":false},"author":2,"featured_media":226283,"comment_status":"","ping_status":"","sticky":false,"template":"","format":"standard","meta":{"footnotes":""},"categories":[8],"tags":[260,27,28,478,15,16,19867,14,25,26,21,22,12,13,19,20,32,23,24,33,41595,34,17,18,29,30,31],"class_list":{"0":"post-226282","1":"post","2":"type-post","3":"status-publish","4":"format-standard","5":"has-post-thumbnail","7":"category-principais-noticias","8":"tag-atualidade","9":"tag-breaking-news","10":"tag-breakingnews","11":"tag-destaques-bnr","12":"tag-featured-news","13":"tag-featurednews","14":"tag-granada","15":"tag-headlines","16":"tag-latest-news","17":"tag-latestnews","18":"tag-main-news","19":"tag-mainnews","20":"tag-news","21":"tag-noticias","22":"tag-noticias-principais","23":"tag-noticiasprincipais","24":"tag-portugal","25":"tag-principais-noticias","26":"tag-principaisnoticias","27":"tag-pt","28":"tag-souleymane-faye","29":"tag-sporting","30":"tag-top-stories","31":"tag-topstories","32":"tag-ultimas","33":"tag-ultimas-noticias","34":"tag-ultimasnoticias"},"share_on_mastodon":{"url":"https:\/\/pubeurope.com\/@pt\/115883067608683567","error":""},"_links":{"self":[{"href":"https:\/\/www.europesays.com\/pt\/wp-json\/wp\/v2\/posts\/226282","targetHints":{"allow":["GET"]}}],"collection":[{"href":"https:\/\/www.europesays.com\/pt\/wp-json\/wp\/v2\/posts"}],"about":[{"href":"https:\/\/www.europesays.com\/pt\/wp-json\/wp\/v2\/types\/post"}],"author":[{"embeddable":true,"href":"https:\/\/www.europesays.com\/pt\/wp-json\/wp\/v2\/users\/2"}],"replies":[{"embeddable":true,"href":"https:\/\/www.europesays.com\/pt\/wp-json\/wp\/v2\/comments?post=226282"}],"version-history":[{"count":0,"href":"https:\/\/www.europesays.com\/pt\/wp-json\/wp\/v2\/posts\/226282\/revisions"}],"wp:featuredmedia":[{"embeddable":true,"href":"https:\/\/www.europesays.com\/pt\/wp-json\/wp\/v2\/media\/226283"}],"wp:attachment":[{"href":"https:\/\/www.europesays.com\/pt\/wp-json\/wp\/v2\/media?parent=226282"}],"wp:term":[{"taxonomy":"category","embeddable":true,"href":"https:\/\/www.europesays.com\/pt\/wp-json\/wp\/v2\/categories?post=226282"},{"taxonomy":"post_tag","embeddable":true,"href":"https:\/\/www.europesays.com\/pt\/wp-json\/wp\/v2\/tags?post=226282"}],"curies":[{"name":"wp","href":"https:\/\/api.w.org\/{rel}","templated":true}]}}