{"id":226284,"date":"2026-01-12T16:27:08","date_gmt":"2026-01-12T16:27:08","guid":{"rendered":"https:\/\/www.europesays.com\/pt\/226284\/"},"modified":"2026-01-12T16:27:08","modified_gmt":"2026-01-12T16:27:08","slug":"globos-de-ouro-o-lado-descontraido-de-dicaprio-talvez-nunca-visto","status":"publish","type":"post","link":"https:\/\/www.europesays.com\/pt\/226284\/","title":{"rendered":"Globos de Ouro. O lado descontra\u00eddo de DiCaprio (talvez nunca visto)"},"content":{"rendered":"<p>Leonardo DiCaprio acabou por deixar sair o seu lado mais descontra\u00eddo na gala dos Globos de Ouro. O ator foi uma das grandes estrelas que marcaram presen\u00e7a na 83.\u00aa edi\u00e7\u00e3o desta cerim\u00f3nia anual, que este ano decorreu na noite de domingo, dia 11 de janeiro, em Los Angeles, e n\u00e3o passou despercebido.\u00a0<\/p>\n<p>Num v\u00eddeo partilhado pelo rep\u00f3rter do The New York Times, Kyle Buchanan, e que foi gravado durante o evento, o ator pode ser visto muito animado enquanto interagia com outra estrela num intervalo.\u00a0<\/p>\n<p>Nas imagens, que pode ver na publica\u00e7\u00e3o abaixo, o ator, de 51 anos, faz contacto visual com algu\u00e9m pr\u00f3ximo. &#8220;Eu estava a observar-te quando falaste sobre K-Pop&#8221;, parecia dizer DiCaprio, relata a People, isto sem se ouvir o som das palavras do ator. &#8220;Quem \u00e9 essa pessoa?&#8221;, ter\u00e1 ainda questionado o artista.\u00a0<\/p>\n<p>Leonardo DiCaprio \u00e9 visto a rir-se enquanto falava com a outra pessoa, que n\u00e3o aparece no v\u00eddeo. Mas era evidente que era pr\u00f3xima do ator, que mostrou o seu lado mais expressivo, algo que os f\u00e3s n\u00e3o est\u00e3o habituados a ver.\u00a0<\/p>\n<blockquote class=\"twitter-tweet\"><p>&#13;<\/p>\n<p dir=\"ltr\" lang=\"en\">Something has activated Leonardo DiCaprio during this commercial break <a href=\"https:\/\/t.co\/TWPf1S9OMw\" rel=\"nofollow\">pic.twitter.com\/TWPf1S9OMw<\/a><\/p>\n<p>&#13;<br \/>\n                                                    \u2014 Kyle Buchanan (@kylebuchanan) <a href=\"https:\/\/twitter.com\/kylebuchanan\/status\/2010543294447812968?ref_src=twsrc%5Etfw\" rel=\"nofollow noopener\" target=\"_blank\">January 12, 2026<\/a><\/p><\/blockquote>\n<p>O que \u00e9 certo \u00e9 que as imagens do ator divertiram muitos internautas. &#8220;Isto fez-me rir muito, meu Deus, foi a vez que o vi mais animado&#8221;, escreveu um internauta em resposta \u00e0 publica\u00e7\u00e3o de Kyle Buchanan. &#8220;Mereces um Globo de Ouro por esta grava\u00e7\u00e3o&#8221;, reagiu outro.\u00a0<\/p>\n<p>&#8220;Ele parecia que estava num filme de com\u00e9dia&#8221;, pode ainda ler-se entre os muitos coment\u00e1rios ao v\u00eddeo de Leonardo DiCaprio, que mostrava o seu lado mais descontra\u00eddo.\u00a0<\/p>\n<p>De recordar que Leonardo DiCaprio estava nomeado na categoria de Melhor Ator em Filme de Com\u00e9dia ou Musical pelo seu papel principal em &#8220;One Battle After Another&#8221; (&#8220;Batalha Atr\u00e1s de Batalha&#8221;), onde d\u00e1 vida a Bob Ferguson. No entanto, quem levou o pr\u00e9mio para casa foi Timoth\u00e9e Chalamet, de 30 anos, pela interpreta\u00e7\u00e3o da personagem Marty no filme &#8220;Marty Supreme&#8221;.<\/p>\n<p>Leia Tamb\u00e9m: <a href=\"https:\/\/www.noticiasaominuto.com\/cultura\/2917581\/brasil-faz-historia-nos-globos-com-wagner-moura-e-o-agente-secreto\" target=\"_blank\" rel=\"noopener noreferrer nofollow\">Brasil faz hist\u00f3ria nos Globos com Wagner Moura e &#8220;O Agente Secreto&#8221;<\/a><\/p>\n<p>Leia Tamb\u00e9m: <a href=\"https:\/\/www.noticiasaominuto.com\/fama\/2917621\/globos-de-ouro-2026-brilhos-e-transparencias-dominam-a-red-carpet\" target=\"_blank\" rel=\"noopener noreferrer nofollow\">Globos de Ouro 2026. Brilhos e transpar\u00eancias dominam a red carpet<\/a><\/p>\n<p>\u00a0<\/p>\n<p>                                            <script async src=\"https:\/\/platform.twitter.com\/widgets.js\" charset=\"utf-8\"><\/script><\/p>\n","protected":false},"excerpt":{"rendered":"Leonardo DiCaprio acabou por deixar sair o seu lado mais descontra\u00eddo na gala dos Globos de Ouro. O&hellip;\n","protected":false},"author":2,"featured_media":226285,"comment_status":"","ping_status":"","sticky":false,"template":"","format":"standard","meta":{"footnotes":""},"categories":[145],"tags":[211,210,114,115,32,33],"class_list":{"0":"post-226284","1":"post","2":"type-post","3":"status-publish","4":"format-standard","5":"has-post-thumbnail","7":"category-celebridades","8":"tag-celebridades","9":"tag-celebrities","10":"tag-entertainment","11":"tag-entretenimento","12":"tag-portugal","13":"tag-pt"},"share_on_mastodon":{"url":"https:\/\/pubeurope.com\/@pt\/115883071413182897","error":""},"_links":{"self":[{"href":"https:\/\/www.europesays.com\/pt\/wp-json\/wp\/v2\/posts\/226284","targetHints":{"allow":["GET"]}}],"collection":[{"href":"https:\/\/www.europesays.com\/pt\/wp-json\/wp\/v2\/posts"}],"about":[{"href":"https:\/\/www.europesays.com\/pt\/wp-json\/wp\/v2\/types\/post"}],"author":[{"embeddable":true,"href":"https:\/\/www.europesays.com\/pt\/wp-json\/wp\/v2\/users\/2"}],"replies":[{"embeddable":true,"href":"https:\/\/www.europesays.com\/pt\/wp-json\/wp\/v2\/comments?post=226284"}],"version-history":[{"count":0,"href":"https:\/\/www.europesays.com\/pt\/wp-json\/wp\/v2\/posts\/226284\/revisions"}],"wp:featuredmedia":[{"embeddable":true,"href":"https:\/\/www.europesays.com\/pt\/wp-json\/wp\/v2\/media\/226285"}],"wp:attachment":[{"href":"https:\/\/www.europesays.com\/pt\/wp-json\/wp\/v2\/media?parent=226284"}],"wp:term":[{"taxonomy":"category","embeddable":true,"href":"https:\/\/www.europesays.com\/pt\/wp-json\/wp\/v2\/categories?post=226284"},{"taxonomy":"post_tag","embeddable":true,"href":"https:\/\/www.europesays.com\/pt\/wp-json\/wp\/v2\/tags?post=226284"}],"curies":[{"name":"wp","href":"https:\/\/api.w.org\/{rel}","templated":true}]}}