{"id":226292,"date":"2026-01-12T16:34:10","date_gmt":"2026-01-12T16:34:10","guid":{"rendered":"https:\/\/www.europesays.com\/pt\/226292\/"},"modified":"2026-01-12T16:34:10","modified_gmt":"2026-01-12T16:34:10","slug":"criancas-podem-utilizar-o-suplemento-para-ajudar-no-sono-veja-o-que-dizem-especialistas","status":"publish","type":"post","link":"https:\/\/www.europesays.com\/pt\/226292\/","title":{"rendered":"crian\u00e7as podem utilizar o suplemento para ajudar no sono? Veja o que dizem especialistas"},"content":{"rendered":"\n<p class=\" content-text__container theme-color-primary-first-letter\" data-track-category=\"Link no Texto\" data-track-links=\"\"> A melatonina, um suplemento alimentar utilizado por pessoas com dificuldade para dormir, tem sido usado por pais que buscam &#8220;solu\u00e7\u00e3o&#8221; para o problema do sono de seus filhos. No entanto, especialistas n\u00e3o recomendam o uso do horm\u00f4nio em crian\u00e7as, principalmente sem orienta\u00e7\u00e3o m\u00e9dica. Al\u00e9m disso, esse uso n\u00e3o \u00e9 permitido pela Ag\u00eancia Nacional de Vigil\u00e2ncia Sanit\u00e1ria (Anvisa), que recomenda o produto apenas para pessoas maiores de 19 anos. <\/p>\n<p class=\" content-text__container \" data-track-category=\"Link no Texto\" data-track-links=\"\"> Segundo Maria Regina Andrade, neuropediatra do Grupo Prontobaby, n\u00e3o h\u00e1 nenhum tipo de dose de melatonina recomendada para crian\u00e7as. A especialista afirma que para os pequenos \u00e9 muito mais saud\u00e1vel mudar h\u00e1bitos de higiene do sono do que oferecer o horm\u00f4nio. <\/p>\n<p class=\" content-text__container \" data-track-category=\"Link no Texto\" data-track-links=\"\"> \u2014 Primeira coisa primordial, diminui\u00e7\u00e3o das telas. E crian\u00e7a abaixo de dois anos \u00e9 zero telas. Nem tablet, nem celular, talvez um pequeno desenho de meia hora na tv, mas \u00e0 noite n\u00e3o. A tela \u00e9 um est\u00edmulo luminoso suficiente para a gl\u00e2ndula pineal n\u00e3o produzir a melatonina. <\/p>\n<p class=\" content-text__container \" data-track-category=\"Link no Texto\" data-track-links=\"\"> A m\u00e9dica indica que a fam\u00edlia crie uma rotina do sono, que pode come\u00e7ar com a leitura de uma hist\u00f3ria em um ambiente claro, seguida por uma conversa ou algum jogo (anal\u00f3gico) na penumbra do quarto. Vale tamb\u00e9m escutar uma m\u00fasica, desde que essas sejam atividades calmas, que v\u00e3o promover a desacelera\u00e7\u00e3o da crian\u00e7a. A especialista destaca que a irregularidade do sono \u00e9 normal at\u00e9 os 2 anos de idade. <\/p>\n<p class=\" content-text__container \" data-track-category=\"Link no Texto\" data-track-links=\"\"> Um estudo publicado na revista cient\u00edfica Jama Network comparou a quantidade de melatonina descrita na embalagem com a que realmente foi encontrada em gomas vendidas em farm\u00e1cias americanas. Os resultados apontam que <a class=\"\" href=\"https:\/\/oglobo.globo.com\/saude\/noticia\/2023\/05\/melatonina-uso-da-substancia-em-gominhos-pode-trazer-risco-para-criancas-diz-novo-estudo.ghtml\" rel=\"nofollow noopener\" target=\"_blank\">88% dos produtos foram rotulados incorretamente<\/a>, o que acende um alerta para os riscos de superdosagens do horm\u00f4nio, principalmente em crian\u00e7as. Por serem semelhantes a doces, as gomas s\u00e3o o tipo de melatonina mais dado por pais americanos a seus filhos. <\/p>\n<p class=\" content-text__container \" data-track-category=\"Link no Texto\" data-track-links=\"\"> Este mesmo estudo traz um dado do Centro de Controle de Intoxica\u00e7\u00f5es dos EUA que aponta que, de 2012 a 2021, o n\u00famero anual de intoxica\u00e7\u00f5es entre crian\u00e7as no pa\u00eds aumentou 530%, e a <a class=\"\" href=\"https:\/\/oglobo.globo.com\/saude\/bem-estar\/noticia\/2022\/09\/melatonina-academia-do-sono-recomenda-que-pais-procurem-medico-antes-de-dar-suplemento-aos-filhos.ghtml\" rel=\"nofollow noopener\" target=\"_blank\">melatonina se tornou a subst\u00e2ncia ingerida de forma acidental com mais frequ\u00eancia entre crian\u00e7as em 2020<\/a>. Mais de 4 mil interna\u00e7\u00f5es ocorreram, sendo que 287 pacientes pedi\u00e1tricos necessitaram de cuidados intensivos e duas crian\u00e7as morreram. <\/p>\n<p class=\" content-text__container \" data-track-category=\"Link no Texto\" data-track-links=\"\"> Para Gleison Marinho Guimar\u00e3es, especialista em medicina do sono pela Associa\u00e7\u00e3o Brasileira de Medicina do Sono (ABMS), a administra\u00e7\u00e3o de apenas 0,1 mg a 0,3 mg de melatonina a adultos jovens pode aumentar as concentra\u00e7\u00f5es do horm\u00f4nio no sangue. <\/p>\n<p class=\" content-text__container \" data-track-category=\"Link no Texto\" data-track-links=\"\"> \u2014 J\u00e1 para as crian\u00e7as, consumir gomas de melatonina encontradas facilmente nas g\u00f4ndolas de farm\u00e1cias pode expor os pequenos a quantidades entre 40 e 130 vezes maiores do que as sugeridas. Por isso, \u00e9 preciso informar aos pais que o uso pedi\u00e1trico de gomas de melatonina pode resultar na ingest\u00e3o de quantidades imprevis\u00edveis. O produto pode trazer malef\u00edcios, como sonol\u00eancia durante o dia, d\u00e9ficit de aten\u00e7\u00e3o e concentra\u00e7\u00e3o, al\u00e9m de ajudar na desregula\u00e7\u00e3o do rel\u00f3gio biol\u00f3gico, se ingerido em hor\u00e1rios desordenados \u2014 alerta o m\u00e9dico. <\/p>\n<p class=\" content-text__container \" data-track-category=\"Link no Texto\" data-track-links=\"\"> A melatonina \u00e9 um horm\u00f4nio produzido pelo corpo quando nosso organismo percebe que est\u00e1 de noite. Ela \u00e9 uma das respons\u00e1veis por preparar o corpo para o sono: induz todas as modifica\u00e7\u00f5es necess\u00e1rias para o repouso, como sono, jejum e redu\u00e7\u00e3o da atividade cardiovascular, da press\u00e3o, da frequ\u00eancia card\u00edaca, temperatura corporal, al\u00e9m de alterar a produ\u00e7\u00e3o de glicose e insulina do corpo. <\/p>\n<p class=\" content-text__container \" data-track-category=\"Link no Texto\" data-track-links=\"\"> Consumir a melatonina como forma de suplemento pode sim ajudar a dormir. No entanto, ele normalmente funciona para pessoas que est\u00e3o com defici\u00eancia no horm\u00f4nio, como idosos. Crian\u00e7as n\u00e3o costumam apresentar esse problema. <\/p>\n","protected":false},"excerpt":{"rendered":"A melatonina, um suplemento alimentar utilizado por pessoas com dificuldade para dormir, tem sido usado por pais que&hellip;\n","protected":false},"author":2,"featured_media":226293,"comment_status":"","ping_status":"","sticky":false,"template":"","format":"standard","meta":{"footnotes":""},"categories":[86],"tags":[116,32,33,117],"class_list":{"0":"post-226292","1":"post","2":"type-post","3":"status-publish","4":"format-standard","5":"has-post-thumbnail","7":"category-saude","8":"tag-health","9":"tag-portugal","10":"tag-pt","11":"tag-saude"},"share_on_mastodon":{"url":"https:\/\/pubeurope.com\/@pt\/115883098914906689","error":""},"_links":{"self":[{"href":"https:\/\/www.europesays.com\/pt\/wp-json\/wp\/v2\/posts\/226292","targetHints":{"allow":["GET"]}}],"collection":[{"href":"https:\/\/www.europesays.com\/pt\/wp-json\/wp\/v2\/posts"}],"about":[{"href":"https:\/\/www.europesays.com\/pt\/wp-json\/wp\/v2\/types\/post"}],"author":[{"embeddable":true,"href":"https:\/\/www.europesays.com\/pt\/wp-json\/wp\/v2\/users\/2"}],"replies":[{"embeddable":true,"href":"https:\/\/www.europesays.com\/pt\/wp-json\/wp\/v2\/comments?post=226292"}],"version-history":[{"count":0,"href":"https:\/\/www.europesays.com\/pt\/wp-json\/wp\/v2\/posts\/226292\/revisions"}],"wp:featuredmedia":[{"embeddable":true,"href":"https:\/\/www.europesays.com\/pt\/wp-json\/wp\/v2\/media\/226293"}],"wp:attachment":[{"href":"https:\/\/www.europesays.com\/pt\/wp-json\/wp\/v2\/media?parent=226292"}],"wp:term":[{"taxonomy":"category","embeddable":true,"href":"https:\/\/www.europesays.com\/pt\/wp-json\/wp\/v2\/categories?post=226292"},{"taxonomy":"post_tag","embeddable":true,"href":"https:\/\/www.europesays.com\/pt\/wp-json\/wp\/v2\/tags?post=226292"}],"curies":[{"name":"wp","href":"https:\/\/api.w.org\/{rel}","templated":true}]}}