{"id":226295,"date":"2026-01-12T16:39:17","date_gmt":"2026-01-12T16:39:17","guid":{"rendered":"https:\/\/www.europesays.com\/pt\/226295\/"},"modified":"2026-01-12T16:39:17","modified_gmt":"2026-01-12T16:39:17","slug":"tem-um-peugeot-estes-estao-a-ser-recolhidos-devido-a-risco-de-incendio","status":"publish","type":"post","link":"https:\/\/www.europesays.com\/pt\/226295\/","title":{"rendered":"Tem um Peugeot? Estes est\u00e3o a ser recolhidos devido a \u201crisco de inc\u00eandio\u201d"},"content":{"rendered":"<p>A Dire\u00e7\u00e3o-Geral do Consumidor (DGC) anunciou que <strong>est\u00e1 a decorrer\u00a0uma campanha de recolha de autom\u00f3veis ligeiros de passageiros da marca Peugeot, modelo 208 II<\/strong>, \u201cdevido a um risco de inc\u00eandio\u201d.<\/p>\n<p>\u00a0<\/p>\n<p>Em<a href=\"https:\/\/www.consumidor.gov.pt\/comunicacao1\/noticias1\/detalhe-da-noticia?uri=10799&amp;page=1&amp;fbclid=IwY2xjawPQcUpleHRuA2FlbQIxMABicmlkETBuR2RPdnlnYXI4Wk1xZGZTc3J0YwZhcHBfaWQQMjIyMDM5MTc4ODIwMDg5MgABHtRRskiwI2tV4quVFRDXxFkKyFAswjOM0MaM1oeGE9vCthIpJ-uTV9Z23eXY_aem_a8ihEfyY4SQc5XE-zkLdJQ\" rel=\"nofollow noopener\" target=\"_blank\"> nota divulgada<\/a>, a DGC informa que os ve\u00edculos abrangidos por esta campanha<strong> foram produzidos entre 07\/10\/2022 e 03\/12\/2024<\/strong> e t\u00eam os seguintes tipo \/ homologa\u00e7\u00e3o CE:<\/p>\n<ul>\n<li>e2*2007\/46*0639*20 \u2013 e2*2007\/46*0639*23<\/li>\n<li>e2*2007\/46*0639*25 \u2013 e2*2007\/46*0639*33<\/li>\n<\/ul>\n<p>\u00a0<\/p>\n<p><strong>\u201cDe acordo com o alerta emitido pelo Safety Gate, alguns ve\u00edculos podem sofrer danos no injetor de refrigera\u00e7\u00e3o do jato de \u00f3leo o que pode ocasionar o bloqueio do motor\u201d<\/strong>, l\u00ea-se.<\/p>\n<p>\u00a0<\/p>\n<p><strong>\u201cNo pior dos casos, pode pingar \u00f3leo sobre a linha de escape e causar um inc\u00eandio no compartimento do motor, provocando, em \u00faltima inst\u00e2ncia, o inc\u00eandio do ve\u00edculo\u201d<\/strong>, prossegue a DGC.<\/p>\n<p>\u00a0<\/p>\n<p>\u201cPor este motivo, <strong>os ve\u00edculos n\u00e3o est\u00e3o em conformidade com os requisitos do Regulamento relativo \u00e0 homologa\u00e7\u00e3o e \u00e0 fiscaliza\u00e7\u00e3o do mercado dos ve\u00edculos a motor e seus reboques<\/strong>, e dos sistemas, componentes e unidades t\u00e9cnicas destinados a esses ve\u00edculos\u201d, explica.<\/p>\n<p>\u00a0<\/p>\n<p>No mercado do pa\u00eds notificador (Fran\u00e7a) foi adotada a recolha do produto\/ve\u00edculo a motor junto dos utilizadores finais.<\/p>\n<p>\u00a0<\/p>\n<p>\u00a0<\/p>\n<p>[cr\u00e9dito fotografia: ilustrativa\/DR]<\/p>\n","protected":false},"excerpt":{"rendered":"A Dire\u00e7\u00e3o-Geral do Consumidor (DGC) anunciou que est\u00e1 a decorrer\u00a0uma campanha de recolha de autom\u00f3veis ligeiros de passageiros&hellip;\n","protected":false},"author":2,"featured_media":226296,"comment_status":"","ping_status":"","sticky":false,"template":"","format":"standard","meta":{"footnotes":""},"categories":[10],"tags":[27,28,15,16,14,25,26,21,22,12,13,19,20,32,23,24,33,17,18,29,30,31],"class_list":{"0":"post-226295","1":"post","2":"type-post","3":"status-publish","4":"format-standard","5":"has-post-thumbnail","7":"category-portugal","8":"tag-breaking-news","9":"tag-breakingnews","10":"tag-featured-news","11":"tag-featurednews","12":"tag-headlines","13":"tag-latest-news","14":"tag-latestnews","15":"tag-main-news","16":"tag-mainnews","17":"tag-news","18":"tag-noticias","19":"tag-noticias-principais","20":"tag-noticiasprincipais","21":"tag-portugal","22":"tag-principais-noticias","23":"tag-principaisnoticias","24":"tag-pt","25":"tag-top-stories","26":"tag-topstories","27":"tag-ultimas","28":"tag-ultimas-noticias","29":"tag-ultimasnoticias"},"share_on_mastodon":{"url":"https:\/\/pubeurope.com\/@pt\/115883118715431477","error":""},"_links":{"self":[{"href":"https:\/\/www.europesays.com\/pt\/wp-json\/wp\/v2\/posts\/226295","targetHints":{"allow":["GET"]}}],"collection":[{"href":"https:\/\/www.europesays.com\/pt\/wp-json\/wp\/v2\/posts"}],"about":[{"href":"https:\/\/www.europesays.com\/pt\/wp-json\/wp\/v2\/types\/post"}],"author":[{"embeddable":true,"href":"https:\/\/www.europesays.com\/pt\/wp-json\/wp\/v2\/users\/2"}],"replies":[{"embeddable":true,"href":"https:\/\/www.europesays.com\/pt\/wp-json\/wp\/v2\/comments?post=226295"}],"version-history":[{"count":0,"href":"https:\/\/www.europesays.com\/pt\/wp-json\/wp\/v2\/posts\/226295\/revisions"}],"wp:featuredmedia":[{"embeddable":true,"href":"https:\/\/www.europesays.com\/pt\/wp-json\/wp\/v2\/media\/226296"}],"wp:attachment":[{"href":"https:\/\/www.europesays.com\/pt\/wp-json\/wp\/v2\/media?parent=226295"}],"wp:term":[{"taxonomy":"category","embeddable":true,"href":"https:\/\/www.europesays.com\/pt\/wp-json\/wp\/v2\/categories?post=226295"},{"taxonomy":"post_tag","embeddable":true,"href":"https:\/\/www.europesays.com\/pt\/wp-json\/wp\/v2\/tags?post=226295"}],"curies":[{"name":"wp","href":"https:\/\/api.w.org\/{rel}","templated":true}]}}