{"id":226297,"date":"2026-01-12T16:40:17","date_gmt":"2026-01-12T16:40:17","guid":{"rendered":"https:\/\/www.europesays.com\/pt\/226297\/"},"modified":"2026-01-12T16:40:17","modified_gmt":"2026-01-12T16:40:17","slug":"guimaraes-nao-dormiu-conquistadores-recebidos-por-milhares-em-euforia-videos","status":"publish","type":"post","link":"https:\/\/www.europesays.com\/pt\/226297\/","title":{"rendered":"Guimar\u00e3es n\u00e3o dormiu: conquistadores recebidos por milhares em euforia (v\u00eddeos)"},"content":{"rendered":"<p>O <a class=\"autolink-enabled\" data-resource-id=\"443\" data-resource-type=\"team\" data-sport=\"football\" href=\"https:\/\/www.abola.pt\/futebol\/vitoria-de-guimaraes-443\" rel=\"nofollow noopener\" target=\"_blank\">Vit\u00f3ria de Guimar\u00e3es<\/a> conquistou pela primeira vez a Ta\u00e7a da Liga, depois de bater o <a class=\"autolink-enabled\" data-resource-id=\"457\" data-resource-type=\"team\" data-sport=\"football\" href=\"https:\/\/www.abola.pt\/futebol\/sc-braga-457\" rel=\"nofollow noopener\" target=\"_blank\">SC Braga<\/a> na final disputada em Leiria. Naturalmente, a conquista mobilizou os vimaranenses, que sa\u00edram \u00e0 rua para festejar e esperar pelo regresso da equipa ao Minho.<\/p>\n<p>Milhares de adeptos aguentaram at\u00e9 de madrugada pela chegada da equipa, j\u00e1 depois das 3 horas da madrugada e, mesmo com chuva, a equipa desfilou num autocarro aberto. <\/p>\n<p>N\u00e3o faltou o &#8216;hino&#8217; dos campe\u00f5es, a m\u00fasica &#8216;We are the Champions&#8217;, dos Queen.<\/p>\n","protected":false},"excerpt":{"rendered":"O Vit\u00f3ria de Guimar\u00e3es conquistou pela primeira vez a Ta\u00e7a da Liga, depois de bater o SC Braga&hellip;\n","protected":false},"author":2,"featured_media":226298,"comment_status":"","ping_status":"","sticky":false,"template":"","format":"standard","meta":{"footnotes":""},"categories":[8],"tags":[27,28,15,16,14,25,26,21,22,12,13,19,20,32,23,24,33,17,18,29,30,31],"class_list":{"0":"post-226297","1":"post","2":"type-post","3":"status-publish","4":"format-standard","5":"has-post-thumbnail","7":"category-principais-noticias","8":"tag-breaking-news","9":"tag-breakingnews","10":"tag-featured-news","11":"tag-featurednews","12":"tag-headlines","13":"tag-latest-news","14":"tag-latestnews","15":"tag-main-news","16":"tag-mainnews","17":"tag-news","18":"tag-noticias","19":"tag-noticias-principais","20":"tag-noticiasprincipais","21":"tag-portugal","22":"tag-principais-noticias","23":"tag-principaisnoticias","24":"tag-pt","25":"tag-top-stories","26":"tag-topstories","27":"tag-ultimas","28":"tag-ultimas-noticias","29":"tag-ultimasnoticias"},"share_on_mastodon":{"url":"https:\/\/pubeurope.com\/@pt\/115883122761125157","error":""},"_links":{"self":[{"href":"https:\/\/www.europesays.com\/pt\/wp-json\/wp\/v2\/posts\/226297","targetHints":{"allow":["GET"]}}],"collection":[{"href":"https:\/\/www.europesays.com\/pt\/wp-json\/wp\/v2\/posts"}],"about":[{"href":"https:\/\/www.europesays.com\/pt\/wp-json\/wp\/v2\/types\/post"}],"author":[{"embeddable":true,"href":"https:\/\/www.europesays.com\/pt\/wp-json\/wp\/v2\/users\/2"}],"replies":[{"embeddable":true,"href":"https:\/\/www.europesays.com\/pt\/wp-json\/wp\/v2\/comments?post=226297"}],"version-history":[{"count":0,"href":"https:\/\/www.europesays.com\/pt\/wp-json\/wp\/v2\/posts\/226297\/revisions"}],"wp:featuredmedia":[{"embeddable":true,"href":"https:\/\/www.europesays.com\/pt\/wp-json\/wp\/v2\/media\/226298"}],"wp:attachment":[{"href":"https:\/\/www.europesays.com\/pt\/wp-json\/wp\/v2\/media?parent=226297"}],"wp:term":[{"taxonomy":"category","embeddable":true,"href":"https:\/\/www.europesays.com\/pt\/wp-json\/wp\/v2\/categories?post=226297"},{"taxonomy":"post_tag","embeddable":true,"href":"https:\/\/www.europesays.com\/pt\/wp-json\/wp\/v2\/tags?post=226297"}],"curies":[{"name":"wp","href":"https:\/\/api.w.org\/{rel}","templated":true}]}}