{"id":226303,"date":"2026-01-12T16:50:05","date_gmt":"2026-01-12T16:50:05","guid":{"rendered":"https:\/\/www.europesays.com\/pt\/226303\/"},"modified":"2026-01-12T16:50:05","modified_gmt":"2026-01-12T16:50:05","slug":"dietas-radicais-para-emagrecer-viralizam-na-internet-e-acendem-alerta-entre-especialistas-folha-de-alphaville","status":"publish","type":"post","link":"https:\/\/www.europesays.com\/pt\/226303\/","title":{"rendered":"Dietas radicais para emagrecer viralizam na internet e acendem alerta entre especialistas &#8211; Folha de Alphaville"},"content":{"rendered":"<ol>\n<li><a href=\"https:\/\/news.google.com\/rss\/articles\/CBMi-gFBVV95cUxQc09iOS1EVHlpdVJXWEItMVgzX281LXBuTE4yTFVWY2tjdEd6SmlpaGNsaHJpLWpiWTV0cWxkM083N1dGRU0zZENRa3JGTi1CQmo1d09xNENDMmFtNnFaRUxFTF9CVXlyUllxaXhiWHcxWWdlUVpZSTE2alEtYkN0WFFwVnM4LTdpTkpuZkpCQXpjbm1nMWFrYWllU1I2TWtoVHpDWl9jQnRLbmFkWWVGZmVmbTljTkZWTnd6dEJRbURMSWt1bkxtZkxpT1RsYldDQXl4cTBqZmxCU3FMamdRLWpEajJBVEFycFJBSURnNC1yMjJ6TUFVdmV3?oc=5\" target=\"_blank\" rel=\"nofollow noopener\">Dietas radicais para emagrecer viralizam na internet e acendem alerta entre especialistas<\/a>&nbsp;&nbsp;Folha de Alphaville<\/li>\n<li><a href=\"https:\/\/news.google.com\/rss\/articles\/CBMiwAFBVV95cUxOUExQVWRWbi1hVXpqUUE2YTNrMXFEOGtVNmJWMHh5ZHMyNDdRX25tUW9GR1R4U3lzOUZFNTdLT2pzZjAxeWhLbjRvdDhCc20zeFdkQzFmcTM3Tk1ldmFrUWRKQjFuUGRzY251aW9EV3UtenhYZU83TVVtTTNJWEdYYk0xdlpWMDdpM3RGc0JaTEhGdEpnYllQeVFBMEZXZGtuaWpQWG9mTDh3ZnI0aUYxTW9xSi1OM0c4b2oycU1fUjTSAcYBQVVfeXFMUDJRT3lQSzc4Y3VMSktDemNnNVRkMHVjOGlIeTdpbEh4MDVFSDhmZFB4Wm91RTVlTTV6RHkwY19ZZl9XQ01wNGIxTHVkdmNHVFpKcDRNQ3BTYU9PZy1nVnp1Q3JXdmo2TFQzdlRCbHpfVUJCQUI5dFVuMkhXUE12bGlwZHFQR3lBWDZkTmR0bk8zdFo0ejlRc3pPYjhMWEc2YUN5eUlDZWpwM2lobVJ1RVVkbkJ0UUdKYXJXTGFoWkQ1R1BZNWJB?oc=5\" target=\"_blank\" rel=\"nofollow noopener\">Pesquisas mostram que dietas detox t\u00eam mais riscos do que benef\u00edcios<\/a>&nbsp;&nbsp;Folha de S.Paulo<\/li>\n<li><a href=\"https:\/\/news.google.com\/rss\/articles\/CBMirwFBVV95cUxQTzdkM3Y2Ty1veHRyMUVPMEwyNllrZHlINWoxa042UDFkay1jMEdnOFVmbEZfWXZHLS12WjdhUjFXSDl1ZXZYNENld0hlNXNhNjcxNXBSNVhLQWRWTUFzUkdoLTRDMHJMY1d1cjRaVDhWUVBJTDhpLXdpSXR5bWlLTHJiS2psaGRTalE2QTY5Xzkxb3VJUlc0Y0pxMEk2Mzc4V2lKRGNicktWcTNoTFpJ?oc=5\" target=\"_blank\" rel=\"nofollow noopener\">Especialista revela se \u00e9 poss\u00edvel definir o corpo em poucas semanas<\/a>&nbsp;&nbsp;Metr\u00f3poles<\/li>\n<li><a href=\"https:\/\/news.google.com\/rss\/articles\/CBMi1wFBVV95cUxQeW5NUFRrWl9NZ0NHc1hoM3JHWDl3dUxXUkl2djF0Ujdoc1pvMGUzWnJ3TXk4X3EwdGlqd0RYeC1TOURzcU5LbnB6V0lrTHMxWW5qcDZfdzBLMTlzanFQeko3SjVCcWduOGVzbEtmMHVvMy1STTdFbGZkQjRzSy1pNmVfcktzLXE2R0pSRGVuaU5vUjA3WEYxZ25FMkhCNzM0Vjk0ZW1tZm5xYkFrX2ZLZXhNdEx6THM2Z0tSX0xsUmk5cTdNR1A2clppYUIyR2xNNnhiTDZNQQ?oc=5\" target=\"_blank\" rel=\"nofollow noopener\">Podcast: nutricionista orienta alimenta\u00e7\u00e3o simples e consciente para come\u00e7ar o ano<\/a>&nbsp;&nbsp;ParaibaOnline<\/li>\n<li><a href=\"https:\/\/news.google.com\/rss\/articles\/CBMivAFBVV95cUxQYWRiYm5vOEZxdElNTC1sNVBJV2hCVjExVVFmaFRTeDQ3T283ZHhSRjR3a21Eb0RveWhUaEl5Q3hIenZxRlNlT2I2MHFBQThnMkh2OFNhVmFpbXZBcHBrUm5CSE15WlRNY2xNY09wXy1KeDNQQXJteWppZXBqWVEza294bWhEeGNGS0xnZ0xLcG5fcDg1bmRGUDF6N0tETVVlS05KYjl1MW5FUDJOVF9nenVORUlNVXVSLWl1ZdIBywFBVV95cUxNaVRBTV9SSER5TXFtbEFRQlN1ZXVaaTdZdGR5NDNIMUVGb1FvNTJHWF93Y0VRUUFUcXp0c3NQSzNwMzZkYklLMV9OcHVmUjNKek95ZGJVekNNQ01nNmhZcEdVWW5oMG5WRkRtWUlRRVhQeVFfVDNlZTRPT0NITGRzSzR2QjIzOVRyWEVzUDlmS3dkckRHT2RZckhNTDQtZVE4SVNJWkwyZllFamg4WnVRcjBLN0MzR1ZJaHRhX3lCcXdvd2pidGY5NjhIYw?oc=5\" target=\"_blank\" rel=\"nofollow noopener\">4 erros comuns de quem est\u00e1 em busca do \u201cshape\u201d (e como n\u00e3o errar tamb\u00e9m)<\/a>&nbsp;&nbsp;Globo<\/li>\n<\/ol>\n","protected":false},"excerpt":{"rendered":"Dietas radicais para emagrecer viralizam na internet e acendem alerta entre especialistas&nbsp;&nbsp;Folha de Alphaville Pesquisas mostram que dietas&hellip;\n","protected":false},"author":2,"featured_media":225042,"comment_status":"","ping_status":"","sticky":false,"template":"","format":"standard","meta":{"footnotes":""},"categories":[86],"tags":[116,32,33,117],"class_list":{"0":"post-226303","1":"post","2":"type-post","3":"status-publish","4":"format-standard","5":"has-post-thumbnail","7":"category-saude","8":"tag-health","9":"tag-portugal","10":"tag-pt","11":"tag-saude"},"share_on_mastodon":{"url":"https:\/\/pubeurope.com\/@pt\/115883161888717977","error":""},"_links":{"self":[{"href":"https:\/\/www.europesays.com\/pt\/wp-json\/wp\/v2\/posts\/226303","targetHints":{"allow":["GET"]}}],"collection":[{"href":"https:\/\/www.europesays.com\/pt\/wp-json\/wp\/v2\/posts"}],"about":[{"href":"https:\/\/www.europesays.com\/pt\/wp-json\/wp\/v2\/types\/post"}],"author":[{"embeddable":true,"href":"https:\/\/www.europesays.com\/pt\/wp-json\/wp\/v2\/users\/2"}],"replies":[{"embeddable":true,"href":"https:\/\/www.europesays.com\/pt\/wp-json\/wp\/v2\/comments?post=226303"}],"version-history":[{"count":0,"href":"https:\/\/www.europesays.com\/pt\/wp-json\/wp\/v2\/posts\/226303\/revisions"}],"wp:featuredmedia":[{"embeddable":true,"href":"https:\/\/www.europesays.com\/pt\/wp-json\/wp\/v2\/media\/225042"}],"wp:attachment":[{"href":"https:\/\/www.europesays.com\/pt\/wp-json\/wp\/v2\/media?parent=226303"}],"wp:term":[{"taxonomy":"category","embeddable":true,"href":"https:\/\/www.europesays.com\/pt\/wp-json\/wp\/v2\/categories?post=226303"},{"taxonomy":"post_tag","embeddable":true,"href":"https:\/\/www.europesays.com\/pt\/wp-json\/wp\/v2\/tags?post=226303"}],"curies":[{"name":"wp","href":"https:\/\/api.w.org\/{rel}","templated":true}]}}