{"id":226304,"date":"2026-01-12T16:52:13","date_gmt":"2026-01-12T16:52:13","guid":{"rendered":"https:\/\/www.europesays.com\/pt\/226304\/"},"modified":"2026-01-12T16:52:13","modified_gmt":"2026-01-12T16:52:13","slug":"onda-de-choque-enigmatica-captada-em-torno-de-estrela-morta-observador","status":"publish","type":"post","link":"https:\/\/www.europesays.com\/pt\/226304\/","title":{"rendered":"Onda de choque enigm\u00e1tica captada em torno de estrela morta \u2013 Observador"},"content":{"rendered":"<p>Um telesc\u00f3pio do Observat\u00f3rio Europeu do Sul (ESO) captou uma misteriosa onda de choque em torno de uma estrela morta, que deixou intrigados os astr\u00f3nomos, indicou esta segunda-feira a a institui\u00e7\u00e3o sediada em Garching, na Alemanha.<\/p>\n<p>Em comunicado citado pela ag\u00eancia noticiosa espanhola EFE, o ESO explica que a pequena estrela morta RXJ0528+2838, uma an\u00e3 branca, <strong>n\u00e3o deveria apresentar tal estrutura \u00e0 sua volta<\/strong>, descrevendo a descoberta como \u201cenigm\u00e1tica\u201d e \u201cimpressionante\u201d.<\/p>\n<p>Segundo o ESO, o que foi observado \u201cdesafia a compreens\u00e3o de como as estrelas mortas interagem com o seu ambiente\u201d.<\/p>\n<p>\u201cEncontr\u00e1mos algo nunca antes visto e, mais importante, totalmente inesperado\u201d, diz Simone Scaringi, da Universidade de Durham, Reino Unido, <strong>coautor principal do estudo<\/strong>, citado no comunicado.<\/p>\n<p>A estrela morta est\u00e1 localizada a 730 anos-luz de dist\u00e2ncia da Terra e, tal como o Sol e outras estrelas, orbita o centro da nossa gal\u00e1xia. \u00c0 medida que se desloca, interage com o g\u00e1s difundido no espa\u00e7o entre as estrelas.<\/p>\n<p>Os astr\u00f3nomos sabem que nas condi\u00e7\u00f5es certas, o g\u00e1s e a poeira expelidos pelas estrelas (material denominado \u201cfluxo de sa\u00edda\u201d) podem colidir com a envolvente de um destes corpos celestes, criando uma onda de choque.<\/p>\n<p>Estas ondas t\u00eam geralmente origem no material da estrela central, mas, no caso do corpo celeste estudado, nenhum dos mecanismos conhecidos consegue explicar o que foi observado, ou seja, a origem do fluxo e da nebulosa (nuvem de g\u00e1s e poeira c\u00f3smica) em seu redor \u00e9 um mist\u00e9rio.<\/p>\n<p>A equipa detetou pela primeira vez uma estranha nebulosidade em torno desta estrela utilizando o <strong>Telesc\u00f3pio Isaac Newton<\/strong>, em Espanha, e, apercebendo-se do seu formato invulgar, observou-a com mais detalhe com um instrumento instalado no Very Large Telescope (VLT) do ESO, precisa a EFE.<\/p>\n<p>Os resultados sugerem uma \u201cfonte de energia oculta\u201d, provavelmente um campo magn\u00e9tico forte, quest\u00e3o que deve ser aprofundada, j\u00e1 que \u201ceste campo s\u00f3 poderia alimentar uma onda de choque durante algumas centenas de anos\u201d.<\/p>\n<p>O futuro Extremely Large Telescope (ELT) ajudar\u00e1 a comunidade astron\u00f3mica a \u201c<strong>detetar e mapear estes sistemas e outros mais t\u00e9nues com maior detalhe<\/strong>\u201c, ajudando a \u201ccompreender a misteriosa fonte de energia que permanece inexplic\u00e1vel\u201d, adiantou Scaringi.<\/p>\n","protected":false},"excerpt":{"rendered":"Um telesc\u00f3pio do Observat\u00f3rio Europeu do Sul (ESO) captou uma misteriosa onda de choque em torno de uma&hellip;\n","protected":false},"author":2,"featured_media":226305,"comment_status":"","ping_status":"","sticky":false,"template":"","format":"standard","meta":{"footnotes":""},"categories":[84],"tags":[443,109,107,108,442,441,32,33,105,103,104,106,110],"class_list":{"0":"post-226304","1":"post","2":"type-post","3":"status-publish","4":"format-standard","5":"has-post-thumbnail","7":"category-ciencia-e-tecnologia","8":"tag-astronomia","9":"tag-ciencia","10":"tag-ciencia-e-tecnologia","11":"tag-cienciaetecnologia","12":"tag-ciu00eancia","13":"tag-espau00e7o","14":"tag-portugal","15":"tag-pt","16":"tag-science","17":"tag-science-and-technology","18":"tag-scienceandtechnology","19":"tag-technology","20":"tag-tecnologia"},"share_on_mastodon":{"url":"https:\/\/pubeurope.com\/@pt\/115883169737056019","error":""},"_links":{"self":[{"href":"https:\/\/www.europesays.com\/pt\/wp-json\/wp\/v2\/posts\/226304","targetHints":{"allow":["GET"]}}],"collection":[{"href":"https:\/\/www.europesays.com\/pt\/wp-json\/wp\/v2\/posts"}],"about":[{"href":"https:\/\/www.europesays.com\/pt\/wp-json\/wp\/v2\/types\/post"}],"author":[{"embeddable":true,"href":"https:\/\/www.europesays.com\/pt\/wp-json\/wp\/v2\/users\/2"}],"replies":[{"embeddable":true,"href":"https:\/\/www.europesays.com\/pt\/wp-json\/wp\/v2\/comments?post=226304"}],"version-history":[{"count":0,"href":"https:\/\/www.europesays.com\/pt\/wp-json\/wp\/v2\/posts\/226304\/revisions"}],"wp:featuredmedia":[{"embeddable":true,"href":"https:\/\/www.europesays.com\/pt\/wp-json\/wp\/v2\/media\/226305"}],"wp:attachment":[{"href":"https:\/\/www.europesays.com\/pt\/wp-json\/wp\/v2\/media?parent=226304"}],"wp:term":[{"taxonomy":"category","embeddable":true,"href":"https:\/\/www.europesays.com\/pt\/wp-json\/wp\/v2\/categories?post=226304"},{"taxonomy":"post_tag","embeddable":true,"href":"https:\/\/www.europesays.com\/pt\/wp-json\/wp\/v2\/tags?post=226304"}],"curies":[{"name":"wp","href":"https:\/\/api.w.org\/{rel}","templated":true}]}}