{"id":226308,"date":"2026-01-12T16:56:16","date_gmt":"2026-01-12T16:56:16","guid":{"rendered":"https:\/\/www.europesays.com\/pt\/226308\/"},"modified":"2026-01-12T16:56:16","modified_gmt":"2026-01-12T16:56:16","slug":"raquel-coelho-namorada-de-maycon-douglas-teve-de-se-afastar-varias-vezes-da-cerimonia-sem-conseguir-controlar-a-comocao-do-ultimo-adeus-ao-seu-amor-flash-pt","status":"publish","type":"post","link":"https:\/\/www.europesays.com\/pt\/226308\/","title":{"rendered":"Raquel Coelho, namorada de Maycon Douglas, teve de se afastar v\u00e1rias vezes da cerim\u00f3nia sem conseguir controlar a como\u00e7\u00e3o do \u00faltimo adeus ao seu amor &#8211; Flash.pt"},"content":{"rendered":"<ol>\n<li><a href=\"https:\/\/news.google.com\/rss\/articles\/CBMikgJBVV95cUxQeFgxb01OWFdtXzlzZ3h2SWdEX0NxMXc2eFV1Q29RcHplQW55WjNYOGtVc2lON0pwakhfTXo5MFFFd2VxRm1lNUZpTkhiM3JrVVFqQ0t1NnF1WEVEb0s3N2gzMGZKY01iR05hQi1Kd3pSU2NWTzlUU1poeGxzbGFVWDJXUUFPdENnY2x1ZmFVSy1wUUMtajNGVlhCZDE2YlF2ei1oamUwR3BFdHVhMXFNUnlETHNQekRjWGRIcWxvN1RBVW8yZTVBZmVPVkJrT3pYUVdQNExEZ2pGdG1vN0ZOMXB1YW1ieGNFc0NiMHhIbzJCaHU1MllLX0FybzJIRDlqN0tia2JvTDd3LWJMN3I1THpB0gGMAkFVX3lxTE1vdGJYRXJENFZFb1NMRVFRRmZfQVRsQ1BWSWRXeW1WNzEwei1XWGhERlJUdzlYNTNNOWZkN19HRmxzdHhjMUt0amhRc3FvbXQ2MlhHVkY1dXNWSkZ2SFJEQXV0MUNnRlc2N3ZzMDhaMTQ3RzBoS2owMnplRDBidDRzNDFncXJlYlhjam9PVlJBbThWSXBkQVIwSy0xNUlIM0c2Vzg0cjBhWkRJRFc4MmdXWnZqR2IzSXV0dEtXMmxQel9hb29xNzFzQWYzTGNIS0dHdDZEaC11U0Q5N24xUEZXaHJDLXpPXy12a044eDc1azdtS2tZUHptU2hxakRiT2Zxd3p0ckhMRkducjM?oc=5\" target=\"_blank\" rel=\"nofollow noopener\">Raquel Coelho, namorada de Maycon Douglas, teve de se afastar v\u00e1rias vezes da cerim\u00f3nia sem conseguir controlar a como\u00e7\u00e3o do \u00faltimo adeus ao seu amor<\/a>&nbsp;&nbsp;Flash.pt<\/li>\n<li><a href=\"https:\/\/news.google.com\/rss\/articles\/CBMiqAFBVV95cUxOMnpEbXRvMkMxT1lic3otcURteEJMQmdSYU9uRFAxQXFiSldJWkVkWDBNaHlBMXp2ZFlYMUJZMUpRVWE1Zm1QV3E0R2ZpcnY5SV9CU2tDMFMxMkJDTUxoTlVWWEZiWkhUMHlKdHJaYk5QaFpvYUlkdWx1TmMtWTMtWEpCS3UzRUhNc0pMQXFNZFhwcnZETE9QVTg2WFZ3M3hST2Q4RmluZW0?oc=5\" target=\"_blank\" rel=\"nofollow noopener\">DJ brasileiro Maycon Douglas \u00e9 encontrado morto em Portugal<\/a>&nbsp;&nbsp;CNN Brasil<\/li>\n<li><a href=\"https:\/\/news.google.com\/rss\/articles\/CBMiggJBVV95cUxPODQ4SzR6bW5taC1saHhtS0NGbkZtRmV4a2N6M0pNV3I3aUpuTHVIZUJGckVhX0wyUVRhSTV4ZlRYdExLZDlDaWhPWUN5dVQxbFVOQjh4aFVuZDh4TG1vcC1QMnlZd1JqV3dZOG94cWFLUlY0bTk5V0VWVnUtMDdieVUxS2FOTFhKYm9qT0xGVVkwQVdsTTJ4WkpsWU83X1EtUWtlUnFpRHoxR1JHZmdXVDVENC1vcERnMjVEdUthREE5azF5dS1sNjBoOHpuOU51b3RrWlRsS1hkRFlhOVE2Q0RkLVUwallfQ0dTNVVPSjdqQVA0YU1CZ3lMdjJTRndhcHc?oc=5\" target=\"_blank\" rel=\"nofollow noopener\">Corpo de brasileiro famoso em reality \u00e9 cremado em Portugal e TV revela causa da morte<\/a>&nbsp;&nbsp;Terra<\/li>\n<li><a href=\"https:\/\/news.google.com\/rss\/articles\/CBMikAFBVV95cUxPR3pPVmR0dzVSbnoybTRuYVJkdmVFYzAweGJRZVVBLTk5ek1GZzhpZUhnVHhtVVExcFpuMXp1bTRnWkVuMUgwOHV1ZVR3ZThBXzJBcnlqbTJoODVfbjFKeUdDRWt5ZDNLUXUycFpqSkNHV3lxVzJudkVMYm5fTVZwNkVHbjc5cXlrNXBUVU1BSVc?oc=5\" target=\"_blank\" rel=\"nofollow noopener\">Aut\u00f3psia revela que Maycon Douglas morreu afogado<\/a>&nbsp;&nbsp;cmjornal.pt<\/li>\n<li><a href=\"https:\/\/news.google.com\/rss\/articles\/CBMiygFBVV95cUxQb0xxeHkxdFBnMnlVMnVPZmxFVjI4bzViZ0xaYmNtZHBKV3dOR3FTdDd5NTBuQUc4S0lIT25ES09aSnhqdmtST2xLYnpMNklmOXpIS0x3T1dPeE5UcWxlRkpGUTMwVWV2VklWWXFxZ01LZTM0Y3U3RWljM2tYRVFma0JmZHMybkl1ZFBWR1FWWm1QaERqMjhOTmhnY2x4VXI4QnFuZTNtdjhDQUZqRDFLb1hMVjJlS0JfZ1V2azZTWnVETXVEZ1JPd3pB0gHYAUFVX3lxTE8yeGhia1YzUDE0ZFFDOWJGaFF3ZU5BVTNOV0dsM1V3d0pUSUktTHppRXlRWURFTDhfRVUtZUxCQmxtZnZYOHRnNVRvcGdYN2pxUHpMMUcwWmRIcW4tUEZYQ2lhVmV5TEdJLXJ2b0JqWjZxanlFMWN3NUEtamM1Mk1sbjR6ME9kMi1sR0VTQjE5RHh5ZDRkTmU3bGROTC05SFlkT0NUbjB6NHlKUVlISTQyb3phX2ZMMmtOSFk0Q1gxd3hyV2tzMGF2eFRFV1hGZmV0d1c5LURINA?oc=5\" target=\"_blank\" rel=\"nofollow noopener\">DJ brasileiro \u00e9 encontrado morto em Portugal; caso \u00e9 investigado como homic\u00eddio<\/a>&nbsp;&nbsp;G1<\/li>\n<\/ol>\n","protected":false},"excerpt":{"rendered":"Raquel Coelho, namorada de Maycon Douglas, teve de se afastar v\u00e1rias vezes da cerim\u00f3nia sem conseguir controlar a&hellip;\n","protected":false},"author":2,"featured_media":226309,"comment_status":"","ping_status":"","sticky":false,"template":"","format":"standard","meta":{"footnotes":""},"categories":[8],"tags":[27,28,2683,43549,15,16,14,25,26,21,22,12,13,19,20,32,23,24,33,17,18,29,30,31],"class_list":{"0":"post-226308","1":"post","2":"type-post","3":"status-publish","4":"format-standard","5":"has-post-thumbnail","7":"category-principais-noticias","8":"tag-breaking-news","9":"tag-breakingnews","10":"tag-cerimonia","11":"tag-comocao","12":"tag-featured-news","13":"tag-featurednews","14":"tag-headlines","15":"tag-latest-news","16":"tag-latestnews","17":"tag-main-news","18":"tag-mainnews","19":"tag-news","20":"tag-noticias","21":"tag-noticias-principais","22":"tag-noticiasprincipais","23":"tag-portugal","24":"tag-principais-noticias","25":"tag-principaisnoticias","26":"tag-pt","27":"tag-top-stories","28":"tag-topstories","29":"tag-ultimas","30":"tag-ultimas-noticias","31":"tag-ultimasnoticias"},"share_on_mastodon":{"url":"https:\/\/pubeurope.com\/@pt\/115883186010320336","error":""},"_links":{"self":[{"href":"https:\/\/www.europesays.com\/pt\/wp-json\/wp\/v2\/posts\/226308","targetHints":{"allow":["GET"]}}],"collection":[{"href":"https:\/\/www.europesays.com\/pt\/wp-json\/wp\/v2\/posts"}],"about":[{"href":"https:\/\/www.europesays.com\/pt\/wp-json\/wp\/v2\/types\/post"}],"author":[{"embeddable":true,"href":"https:\/\/www.europesays.com\/pt\/wp-json\/wp\/v2\/users\/2"}],"replies":[{"embeddable":true,"href":"https:\/\/www.europesays.com\/pt\/wp-json\/wp\/v2\/comments?post=226308"}],"version-history":[{"count":0,"href":"https:\/\/www.europesays.com\/pt\/wp-json\/wp\/v2\/posts\/226308\/revisions"}],"wp:featuredmedia":[{"embeddable":true,"href":"https:\/\/www.europesays.com\/pt\/wp-json\/wp\/v2\/media\/226309"}],"wp:attachment":[{"href":"https:\/\/www.europesays.com\/pt\/wp-json\/wp\/v2\/media?parent=226308"}],"wp:term":[{"taxonomy":"category","embeddable":true,"href":"https:\/\/www.europesays.com\/pt\/wp-json\/wp\/v2\/categories?post=226308"},{"taxonomy":"post_tag","embeddable":true,"href":"https:\/\/www.europesays.com\/pt\/wp-json\/wp\/v2\/tags?post=226308"}],"curies":[{"name":"wp","href":"https:\/\/api.w.org\/{rel}","templated":true}]}}