{"id":226314,"date":"2026-01-12T17:04:08","date_gmt":"2026-01-12T17:04:08","guid":{"rendered":"https:\/\/www.europesays.com\/pt\/226314\/"},"modified":"2026-01-12T17:04:08","modified_gmt":"2026-01-12T17:04:08","slug":"casos-de-raiva-em-equideos-na-regiao-de-porangatu-alertam-para-reforco-da-vacinacao","status":"publish","type":"post","link":"https:\/\/www.europesays.com\/pt\/226314\/","title":{"rendered":"Casos de raiva em equ\u00eddeos na regi\u00e3o de Porangatu alertam para refor\u00e7o da vacina\u00e7\u00e3o"},"content":{"rendered":"<p style=\"text-align:justify\">Doen\u00e7a \u00e9 letal, pode ser transmitida aos humanos e causa grandes preju\u00edzos \u00e0s propriedades rurais. Bovinos e equinos podem ser vacinados contra a raiva a partir dos tr\u00eas meses de idadeCavalos que n\u00e3o conseguiam mais se levantar, por falta de for\u00e7a nas patas, foram os primeiros sinais que chamaram a aten\u00e7\u00e3o de criadores da regi\u00e3o de Porangatu, no norte de Goi\u00e1s.&#13;\n<\/p>\n<p style=\"text-align:justify\">Diante da situa\u00e7\u00e3o, a Comiss\u00e3o de Equideocultura da Federa\u00e7\u00e3o da Agricultura e Pecu\u00e1ria de Goi\u00e1s (Faeg) solicitou a emiss\u00e3o de um alerta e o refor\u00e7o das a\u00e7\u00f5es de vacina\u00e7\u00e3o contra a raiva, como forma de conter a dissemina\u00e7\u00e3o da doen\u00e7a e proteger os rebanhos e a popula\u00e7\u00e3o.Os animais infectados podem apresentar altera\u00e7\u00f5es de comportamento, dificuldade de locomo\u00e7\u00e3o, saliva\u00e7\u00e3o excessiva, quedas frequentes e paralisia progressiva. Ao identificar qualquer animal com sintomas suspeitos, a orienta\u00e7\u00e3o \u00e9 n\u00e3o manipul\u00e1-lo, isolar o local e comunicar imediatamente a Ag\u00eancia Goiana de Defesa Agropecu\u00e1ria (Agrodefesa).<\/p>\n<p style=\"text-align:justify\">\u201cA vacina\u00e7\u00e3o preventiva dos bovinos, especialmente em propriedades rurais localizadas em \u00e1reas com hist\u00f3rico da doen\u00e7a, \u00e9 a principal medida para reduzir preju\u00edzos, evitar novos focos e, principalmente, proteger trabalhadores rurais e comunidades pr\u00f3ximas\u201d, refor\u00e7a o m\u00e9dico-veterin\u00e1rio e analista de mercado do Sistema Faeg, Marcelo Penha.Casos recentes em bovinos refor\u00e7am a vigil\u00e2ncia no estadoNo in\u00edcio de dezembro de 2025, foram notificados casos de raiva em bovinos em diferentes regi\u00f5es de Goi\u00e1s, demonstrando que o v\u00edrus continua ativo no estado.Os casos relatados em munic\u00edpios como Turvel\u00e2ndia, al\u00e9m de registros em Carmo do Rio Verde, Silv\u00e2nia e outras regi\u00f5es goianas, est\u00e3o associados \u00e0 presen\u00e7a de morcegos hemat\u00f3fagos, principais transmissores da doen\u00e7a no meio rural.&#13;\n<\/p>\n<p style=\"text-align:justify\">O v\u00edrus da raiva \u00e9 transmitido principalmente pelo Desmodus rotundus, esp\u00e9cie que se alimenta do sangue de animais.\u201cAnimais com sintomas, especialmente neurol\u00f3gicos, representam grande perigo para os seres humanos. Portanto, caso seja necess\u00e1rio qualquer tipo de contato, \u00e9 essencial que os trabalhadores do manejo utilizem luvas. Refor\u00e7amos novamente o pedido para que criadores de cavalos, \u00e9guas, demais equ\u00eddeos e bovinos realizem a vacina\u00e7\u00e3o contra a raiva com urg\u00eancia\u201d, destaca Penha.<\/p>\n<p style=\"text-align:justify\">O protocolo vacinal inicial para bovinos e equinos consiste na aplica\u00e7\u00e3o de uma primeira dose, seguida de um refor\u00e7o ap\u00f3s 30 dias. Ap\u00f3s essa etapa, a revacina\u00e7\u00e3o deve ser realizada anualmente. A imunidade \u00e9 considerada eficaz aproximadamente 21 dias ap\u00f3s a aplica\u00e7\u00e3o da vacina.&#13;\n<\/p>\n<p style=\"text-align:justify\">\u00a0<\/p>\n","protected":false},"excerpt":{"rendered":"Doen\u00e7a \u00e9 letal, pode ser transmitida aos humanos e causa grandes preju\u00edzos \u00e0s propriedades rurais. Bovinos e equinos&hellip;\n","protected":false},"author":2,"featured_media":226315,"comment_status":"","ping_status":"","sticky":false,"template":"","format":"standard","meta":{"footnotes":""},"categories":[86],"tags":[15976,15979,15982,15980,223,5546,15977,15978,870,116,13,32,15981,1429,33,117,3203],"class_list":{"0":"post-226314","1":"post","2":"type-post","3":"status-publish","4":"format-standard","5":"has-post-thumbnail","7":"category-saude","8":"tag-agrolink","9":"tag-agrotoxicos","10":"tag-artigos-tecnicos","11":"tag-classificados","12":"tag-colunistas","13":"tag-compra","14":"tag-cotacoes","15":"tag-defensivos","16":"tag-eventos","17":"tag-health","18":"tag-noticias","19":"tag-portugal","20":"tag-precos-agricolas","21":"tag-previsao-do-tempo","22":"tag-pt","23":"tag-saude","24":"tag-venda"},"share_on_mastodon":{"url":"https:\/\/pubeurope.com\/@pt\/115883216884120339","error":""},"_links":{"self":[{"href":"https:\/\/www.europesays.com\/pt\/wp-json\/wp\/v2\/posts\/226314","targetHints":{"allow":["GET"]}}],"collection":[{"href":"https:\/\/www.europesays.com\/pt\/wp-json\/wp\/v2\/posts"}],"about":[{"href":"https:\/\/www.europesays.com\/pt\/wp-json\/wp\/v2\/types\/post"}],"author":[{"embeddable":true,"href":"https:\/\/www.europesays.com\/pt\/wp-json\/wp\/v2\/users\/2"}],"replies":[{"embeddable":true,"href":"https:\/\/www.europesays.com\/pt\/wp-json\/wp\/v2\/comments?post=226314"}],"version-history":[{"count":0,"href":"https:\/\/www.europesays.com\/pt\/wp-json\/wp\/v2\/posts\/226314\/revisions"}],"wp:featuredmedia":[{"embeddable":true,"href":"https:\/\/www.europesays.com\/pt\/wp-json\/wp\/v2\/media\/226315"}],"wp:attachment":[{"href":"https:\/\/www.europesays.com\/pt\/wp-json\/wp\/v2\/media?parent=226314"}],"wp:term":[{"taxonomy":"category","embeddable":true,"href":"https:\/\/www.europesays.com\/pt\/wp-json\/wp\/v2\/categories?post=226314"},{"taxonomy":"post_tag","embeddable":true,"href":"https:\/\/www.europesays.com\/pt\/wp-json\/wp\/v2\/tags?post=226314"}],"curies":[{"name":"wp","href":"https:\/\/api.w.org\/{rel}","templated":true}]}}