{"id":226335,"date":"2026-01-12T17:51:20","date_gmt":"2026-01-12T17:51:20","guid":{"rendered":"https:\/\/www.europesays.com\/pt\/226335\/"},"modified":"2026-01-12T17:51:20","modified_gmt":"2026-01-12T17:51:20","slug":"chuva-deixa-11-distritos-sob-aviso-amarelo-na-terca-feira","status":"publish","type":"post","link":"https:\/\/www.europesays.com\/pt\/226335\/","title":{"rendered":"Chuva deixa 11 distritos sob aviso amarelo na ter\u00e7a-feira"},"content":{"rendered":"<p data-remotead-prev-elm=\"true\" data-remotead-elm-id=\"inread\">Os distritos de Viana do Castelo e Braga estar\u00e3o j\u00e1 a partir das 21 horas desta segunda-feira e at\u00e9 \u00e0s 9 horas de ter\u00e7a-feira com aviso amarelo por causa da chuva por vezes forte.<\/p>\n<p>O IPMA emitiu tamb\u00e9m aviso amarelo para estes dois distritos entre as 21 horas de hoje e as 6 horas de ter\u00e7a-feira por causa do vento, prevendo-se<strong> rajadas at\u00e9 75 quil\u00f3metros por hora<\/strong> (km\/h) na faixa costeira e at\u00e9 90 km\/h nas serras.<\/p>\n<p>Na ter\u00e7a-feira, entre as 0 horas e as 9 horas, tamb\u00e9m devido \u00e0 chuva, v\u00e3o estar sob aviso amarelo os distritos de Faro, Porto, Set\u00fabal, Santar\u00e9m, Lisboa, Leiria, Beja, Aveiro e Coimbra.<\/p>\n<p>Madeira e A\u00e7ores<\/p>\n<p data-remotead-prev-elm=\"true\" data-remotead-elm-id=\"centro1\">O Instituto colocou tamb\u00e9m sob aviso amarelo por causa da chuva por vezes forte, entre 18 horas de hoje e as 0 horas de ter\u00e7a-feira, a costa sul e as regi\u00f5es montanhosas da ilha da Madeira.<\/p>\n<p>As costas norte e sul da ilha da Madeira e o Porto Santo v\u00e3o estar tamb\u00e9m sob aviso amarelo entre as 9 horas e as 21 horas de ter\u00e7a-feira por causa da agita\u00e7\u00e3o mar\u00edtima, prevendo-se ondas de noroeste com 4 a 5 metros.<\/p>\n<p>O IPMA emitiu ainda aviso laranja para o grupo ocidental dos A\u00e7ores (Flores e Corvo) devido \u00e0 agita\u00e7\u00e3o mar\u00edtima forte at\u00e9 \u00e0s 12 horas de hoje, passando depois a amarelo at\u00e9 \u00e0s 15 horas. O grupo ocidental est\u00e1 sob aviso amarelo at\u00e9 \u00e0s 12 horas devido \u00e0 previs\u00e3o de vento forte.<\/p>\n<p data-remotead-prev-elm=\"true\" data-remotead-elm-id=\"centro2\">Os grupos Oriental (Santa Maria e S\u00e3o Miguel) e central (Terceira, Graciosa, Faial, Pico e S\u00e3o Jorge) est\u00e3o sob aviso amarelo por causa da agita\u00e7\u00e3o mar\u00edtima (at\u00e9 \u00e0s 18 horas) e do vento forte (at\u00e9 \u00e0s 21 horas).<\/p>\n<p>O aviso laranja \u00e9 emitido pelo IPMA sempre que existe &#8220;situa\u00e7\u00e3o meteorol\u00f3gica de risco moderado a elevado, e o amarelo quando h\u00e1 uma situa\u00e7\u00e3o de risco para determinadas atividades dependentes da situa\u00e7\u00e3o meteorol\u00f3gica.<\/p>\n","protected":false},"excerpt":{"rendered":"Os distritos de Viana do Castelo e Braga estar\u00e3o j\u00e1 a partir das 21 horas desta segunda-feira e&hellip;\n","protected":false},"author":2,"featured_media":171653,"comment_status":"","ping_status":"","sticky":false,"template":"","format":"standard","meta":{"footnotes":""},"categories":[10],"tags":[27,28,2139,15,16,14,350,25,26,21,22,8532,619,12,13,19,20,32,23,24,33,17,18,29,30,31,9417],"class_list":{"0":"post-226335","1":"post","2":"type-post","3":"status-publish","4":"format-standard","5":"has-post-thumbnail","7":"category-portugal","8":"tag-breaking-news","9":"tag-breakingnews","10":"tag-chuva","11":"tag-featured-news","12":"tag-featurednews","13":"tag-headlines","14":"tag-ipma","15":"tag-latest-news","16":"tag-latestnews","17":"tag-main-news","18":"tag-mainnews","19":"tag-mau-tempo","20":"tag-nacional","21":"tag-news","22":"tag-noticias","23":"tag-noticias-principais","24":"tag-noticiasprincipais","25":"tag-portugal","26":"tag-principais-noticias","27":"tag-principaisnoticias","28":"tag-pt","29":"tag-top-stories","30":"tag-topstories","31":"tag-ultimas","32":"tag-ultimas-noticias","33":"tag-ultimasnoticias","34":"tag-vento"},"share_on_mastodon":{"url":"https:\/\/pubeurope.com\/@pt\/115883401720897648","error":""},"_links":{"self":[{"href":"https:\/\/www.europesays.com\/pt\/wp-json\/wp\/v2\/posts\/226335","targetHints":{"allow":["GET"]}}],"collection":[{"href":"https:\/\/www.europesays.com\/pt\/wp-json\/wp\/v2\/posts"}],"about":[{"href":"https:\/\/www.europesays.com\/pt\/wp-json\/wp\/v2\/types\/post"}],"author":[{"embeddable":true,"href":"https:\/\/www.europesays.com\/pt\/wp-json\/wp\/v2\/users\/2"}],"replies":[{"embeddable":true,"href":"https:\/\/www.europesays.com\/pt\/wp-json\/wp\/v2\/comments?post=226335"}],"version-history":[{"count":0,"href":"https:\/\/www.europesays.com\/pt\/wp-json\/wp\/v2\/posts\/226335\/revisions"}],"wp:featuredmedia":[{"embeddable":true,"href":"https:\/\/www.europesays.com\/pt\/wp-json\/wp\/v2\/media\/171653"}],"wp:attachment":[{"href":"https:\/\/www.europesays.com\/pt\/wp-json\/wp\/v2\/media?parent=226335"}],"wp:term":[{"taxonomy":"category","embeddable":true,"href":"https:\/\/www.europesays.com\/pt\/wp-json\/wp\/v2\/categories?post=226335"},{"taxonomy":"post_tag","embeddable":true,"href":"https:\/\/www.europesays.com\/pt\/wp-json\/wp\/v2\/tags?post=226335"}],"curies":[{"name":"wp","href":"https:\/\/api.w.org\/{rel}","templated":true}]}}