{"id":226336,"date":"2026-01-12T17:53:15","date_gmt":"2026-01-12T17:53:15","guid":{"rendered":"https:\/\/www.europesays.com\/pt\/226336\/"},"modified":"2026-01-12T17:53:15","modified_gmt":"2026-01-12T17:53:15","slug":"lucas-borbas-escreve-carta-aberta-ao-filho-apos-morte-de-isabel-veloso-nao-sera-facil","status":"publish","type":"post","link":"https:\/\/www.europesays.com\/pt\/226336\/","title":{"rendered":"Lucas Borbas escreve carta aberta ao filho ap\u00f3s morte de Isabel Veloso: \u201cN\u00e3o ser\u00e1 f\u00e1cil\u201d"},"content":{"rendered":"<p><strong>Lucas Borbas<\/strong>, vi\u00favo de <strong>Isabel Veloso<\/strong>, usou as redes sociais neste \u00faltimo domingo (11), e publicou uma carta aberta ao filho <strong>Arthur<\/strong>, fruto do relacionamento com a influenciadora, que morreu no s\u00e1bado (10) em decorr\u00eancia de complica\u00e7\u00f5es relacionadas ao transplante de medula \u00f3ssea.<\/p>\n<p>Atrav\u00e9s do Instagram, ele emocionou com a homenagem. \u201cQue nossos dias sejam leves, como a brisa que Deus sopra para acalmar o cora\u00e7\u00e3o. Que Ele me d\u00ea for\u00e7as para te oferecer uma vida digna, meu filho, mesmo quando o cansa\u00e7o e a saudade apertarem\u201d, come\u00e7ou.<\/p>\n<p>\u201cN\u00e3o ser\u00e1 f\u00e1cil\u201d<\/p>\n<p>\u201cSei que n\u00e3o ser\u00e1 f\u00e1cil seguir sem a minha mulher ao meu lado, mas o amor que nos uniu me dar\u00e1 for\u00e7as para continuar. Prometo ser abrigo, cuidado e presen\u00e7a em cada fase da sua vida\u201d, escreveu o vi\u00favo de Isabel Veloso.<\/p>\n<p>\u201cVou te ensinar a amar, a respeitar, a ter f\u00e9 e a nunca desistir, mesmo quando tudo parecer dif\u00edcil. Farei de cada dia uma chance de te ver sorrir e de te mostrar que voc\u00ea sempre ser\u00e1 profundamente amado\u201d, finalizou Lucas Borbas.<\/p>\n<p><strong>VEJA MAIS:<\/strong> <a href=\"https:\/\/observatoriodosfamosos.com.br\/noticias\/marido-de-isabel-veloso-anuncia-decisao-dificil-durante-internacao-da-influenciadora-estamos-preocupados\" target=\"_blank\" rel=\"noopener nofollow\" title=\"\">Marido de Isabel Veloso anuncia decis\u00e3o dif\u00edcil durante interna\u00e7\u00e3o da influenciadora: \u201cEstamos preocupados\u201d<\/a><\/p>\n<p>O post <a href=\"https:\/\/observatoriodosfamosos.com.br\/noticias\/lucas-borbas-escreve-carta-aberta-ao-filho-apos-morte-de-isabel-veloso-nao-sera-facil\" rel=\"nofollow noopener\" target=\"_blank\">Lucas Borbas escreve carta aberta ao filho ap\u00f3s morte de Isabel Veloso: \u201cN\u00e3o ser\u00e1 f\u00e1cil\u201d<\/a> foi publicado primeiro em <a href=\"https:\/\/observatoriodosfamosos.com.br\" rel=\"nofollow noopener\" target=\"_blank\">Observat\u00f3rio dos Famosos<\/a>.<\/p>\n","protected":false},"excerpt":{"rendered":"Lucas Borbas, vi\u00favo de Isabel Veloso, usou as redes sociais neste \u00faltimo domingo (11), e publicou uma carta&hellip;\n","protected":false},"author":2,"featured_media":226337,"comment_status":"","ping_status":"","sticky":false,"template":"","format":"standard","meta":{"footnotes":""},"categories":[145],"tags":[211,210,114,115,32,33],"class_list":{"0":"post-226336","1":"post","2":"type-post","3":"status-publish","4":"format-standard","5":"has-post-thumbnail","7":"category-celebridades","8":"tag-celebridades","9":"tag-celebrities","10":"tag-entertainment","11":"tag-entretenimento","12":"tag-portugal","13":"tag-pt"},"share_on_mastodon":{"url":"https:\/\/pubeurope.com\/@pt\/115883409571521239","error":""},"_links":{"self":[{"href":"https:\/\/www.europesays.com\/pt\/wp-json\/wp\/v2\/posts\/226336","targetHints":{"allow":["GET"]}}],"collection":[{"href":"https:\/\/www.europesays.com\/pt\/wp-json\/wp\/v2\/posts"}],"about":[{"href":"https:\/\/www.europesays.com\/pt\/wp-json\/wp\/v2\/types\/post"}],"author":[{"embeddable":true,"href":"https:\/\/www.europesays.com\/pt\/wp-json\/wp\/v2\/users\/2"}],"replies":[{"embeddable":true,"href":"https:\/\/www.europesays.com\/pt\/wp-json\/wp\/v2\/comments?post=226336"}],"version-history":[{"count":0,"href":"https:\/\/www.europesays.com\/pt\/wp-json\/wp\/v2\/posts\/226336\/revisions"}],"wp:featuredmedia":[{"embeddable":true,"href":"https:\/\/www.europesays.com\/pt\/wp-json\/wp\/v2\/media\/226337"}],"wp:attachment":[{"href":"https:\/\/www.europesays.com\/pt\/wp-json\/wp\/v2\/media?parent=226336"}],"wp:term":[{"taxonomy":"category","embeddable":true,"href":"https:\/\/www.europesays.com\/pt\/wp-json\/wp\/v2\/categories?post=226336"},{"taxonomy":"post_tag","embeddable":true,"href":"https:\/\/www.europesays.com\/pt\/wp-json\/wp\/v2\/tags?post=226336"}],"curies":[{"name":"wp","href":"https:\/\/api.w.org\/{rel}","templated":true}]}}