{"id":226363,"date":"2026-01-12T18:42:07","date_gmt":"2026-01-12T18:42:07","guid":{"rendered":"https:\/\/www.europesays.com\/pt\/226363\/"},"modified":"2026-01-12T18:42:07","modified_gmt":"2026-01-12T18:42:07","slug":"quase-tres-em-dez-portuguesas-adiam-rastreio-do-cancro-do-colo-do-utero-por-razoes-laborais","status":"publish","type":"post","link":"https:\/\/www.europesays.com\/pt\/226363\/","title":{"rendered":"Quase tr\u00eas em dez portuguesas adiam rastreio do cancro do colo do \u00fatero por raz\u00f5es laborais"},"content":{"rendered":"<p data-remotead-prev-elm=\"true\" data-remotead-elm-id=\"inread\">Estudo feito junto de mais de cinco mil mulheres com idades entre os 16 e os 64 anos, quase 900 das quais em Portugal, revela as raz\u00f5es que as levam a adiar ou cancelar consultas para retardar o cancro do colo do \u00fatero, sendo que a exist\u00eancia previa e HPV pode ser um fator determinante no desenvolvimento da doen\u00e7a. A an\u00e1lise revelou que &#8220;as pessoas que efetivamente adiaram as suas consultas foi em Portugal, sendo os compromissos profissionais o argumento usado por 28%, um valor superior \u00e0 m\u00e9dia dos outros pa\u00edses&#8221;, l\u00ea-se no comunicado que acompanha o estudo Cervical Cancer Europe Study 2025. <\/p>\n<p>Ao detalhe, as conclus\u00f5es da an\u00e1lise indicam &#8220;a necessidade de maior flexibilidade no local de trabalho, uma vez que 76% das mulheres que atrasaram a consulta de rastreio trabalham a tempo inteiro e 28% dizem-se sobrecarregadas, o que evidencia a necessidade de maior flexibilidade no local de trabalho, pedida por 23% de todas as mulheres inquiridas&#8221;, indica a mesma nota.<\/p>\n<p>&#8220;Eliminar o cancro do colo do \u00fatero \u00e9 poss\u00edvel, mas apenas atrav\u00e9s de uma a\u00e7\u00e3o coletiva&#8221;, afirma o diretor-Geral da Roche Diagn\u00f3sticos em Portugal. Roel Meeusen considera que esta &#8220;iniciativa procura sensibilizar para a import\u00e2ncia de reduzir as barreiras ao acesso, normalizar as conversas sobre sa\u00fade e rastreio do cancro do colo do \u00fatero e permitir que mais pessoas eleg\u00edveis participem nos seus exames de rotina&#8221;.<\/p>\n<p>Tratando-se de um cancro que afeta mais de 600 mil mulheres em todo o mundo e o segundo tumor maligno mais previamente nas portuguesas, com cerca de 500 casos identificados todos os anos, estudo considera que &#8220;um processo de marca\u00e7\u00e3o de consulta mais f\u00e1cil ou conveniente (33%), uma melhor comunica\u00e7\u00e3o por parte dos profissionais de sa\u00fade (32%) ou op\u00e7\u00f5es alternativas de rastreio, como a auto-colheita vaginal para o teste de rastreio (25%)&#8221; poderiam ajudar a combater o absentismo das consulta.<\/p>\n","protected":false},"excerpt":{"rendered":"Estudo feito junto de mais de cinco mil mulheres com idades entre os 16 e os 64 anos,&hellip;\n","protected":false},"author":2,"featured_media":226364,"comment_status":"","ping_status":"","sticky":false,"template":"","format":"standard","meta":{"footnotes":""},"categories":[86],"tags":[1207,33277,20491,116,2623,32,33,43556,117],"class_list":{"0":"post-226363","1":"post","2":"type-post","3":"status-publish","4":"format-standard","5":"has-post-thumbnail","7":"category-saude","8":"tag-cancro","9":"tag-cancro-do-colo-do-utero","10":"tag-delas","11":"tag-health","12":"tag-mulheres","13":"tag-portugal","14":"tag-pt","15":"tag-rastreio","16":"tag-saude"},"share_on_mastodon":{"url":"https:\/\/pubeurope.com\/@pt\/115883602216583179","error":""},"_links":{"self":[{"href":"https:\/\/www.europesays.com\/pt\/wp-json\/wp\/v2\/posts\/226363","targetHints":{"allow":["GET"]}}],"collection":[{"href":"https:\/\/www.europesays.com\/pt\/wp-json\/wp\/v2\/posts"}],"about":[{"href":"https:\/\/www.europesays.com\/pt\/wp-json\/wp\/v2\/types\/post"}],"author":[{"embeddable":true,"href":"https:\/\/www.europesays.com\/pt\/wp-json\/wp\/v2\/users\/2"}],"replies":[{"embeddable":true,"href":"https:\/\/www.europesays.com\/pt\/wp-json\/wp\/v2\/comments?post=226363"}],"version-history":[{"count":0,"href":"https:\/\/www.europesays.com\/pt\/wp-json\/wp\/v2\/posts\/226363\/revisions"}],"wp:featuredmedia":[{"embeddable":true,"href":"https:\/\/www.europesays.com\/pt\/wp-json\/wp\/v2\/media\/226364"}],"wp:attachment":[{"href":"https:\/\/www.europesays.com\/pt\/wp-json\/wp\/v2\/media?parent=226363"}],"wp:term":[{"taxonomy":"category","embeddable":true,"href":"https:\/\/www.europesays.com\/pt\/wp-json\/wp\/v2\/categories?post=226363"},{"taxonomy":"post_tag","embeddable":true,"href":"https:\/\/www.europesays.com\/pt\/wp-json\/wp\/v2\/tags?post=226363"}],"curies":[{"name":"wp","href":"https:\/\/api.w.org\/{rel}","templated":true}]}}