{"id":226406,"date":"2026-01-12T20:22:23","date_gmt":"2026-01-12T20:22:23","guid":{"rendered":"https:\/\/www.europesays.com\/pt\/226406\/"},"modified":"2026-01-12T20:22:23","modified_gmt":"2026-01-12T20:22:23","slug":"nasa-esvazia-estacao-especial-internacional-pela-1a-vez-saiba-o-motivo","status":"publish","type":"post","link":"https:\/\/www.europesays.com\/pt\/226406\/","title":{"rendered":"Nasa esvazia Esta\u00e7\u00e3o Especial Internacional pela 1\u00aa vez; saiba o motivo"},"content":{"rendered":"<p> &#13;<br \/>\n&#13;<br \/>\n&#13;<br \/>\n&#13;<br \/>\n&#13;<br \/>\n    Nasa esvazia Esta\u00e7\u00e3o Especial Internacional pela 1\u00aa vez; saiba o motivo&#13;<br \/>\n    &#13;<br \/>\n    &#13;<br \/>\n    &#13;<br \/>\n&#13;<br \/>\n&#13;<br \/>\n&#13;<br \/>\n&#13;<br \/>\n&#13;<br \/>\n&#13;<br \/>\n&#13;<br \/>\n&#13;<br \/>\n    &#13;<br \/>\n    &#13;<br \/>\n    &#13;<br \/>\n    &#13;<br \/>\n&#13;<br \/>\n&#13;<br \/>\n&#13;<br \/>\n&#13;<\/p>\n<p>\tNasa esvazia Esta\u00e7\u00e3o Especial Internacional pela 1\u00aa vez; saiba o motivo<\/p>\n<p>&#13;<\/p>\n<p>&#13;<br \/>\n&#13;<br \/>\n&#13;<br \/>\n&#13;<br \/>\n&#13;<br \/>\n &#13;<br \/>\n&#13;<br \/>\n&#13;<br \/>\n&#13;<br \/>\n&#13;<br \/>\n&#13;<br \/>\n&#13;<br \/>\n&#13;<br \/>\n&#13;<br \/>\n&#13;<br \/>\n&#13;<br \/>\n&#13;<br \/>\n&#13;<\/p>\n<p>&#13;<br \/>\n&#13;<br \/>\n&#13;<br \/>\n<img loading=\"lazy\" decoding=\"async\" width=\"600\" height=\"114\" src=\"https:\/\/www.europesays.com\/pt\/wp-content\/uploads\/2025\/10\/IMGESSENCIAL2.png\"\/><\/a><\/p>\n<p>\t\t<a href=\"http:\/\/www.facebook.com\/sharer\/sharer.php?u=https:\/\/www.diariodocentrodomundo.com.br\/essencial\/nasa-esvazia-estacao-especial-internacional-pela-1a-vez-saiba-o-motivo\/\" target=\"_blank\" class=\"facebook-share\" rel=\"nofollow noopener\"><\/a><br \/>\n\t\t<a href=\"https:\/\/twitter.com\/share?url=https:\/\/www.diariodocentrodomundo.com.br\/essencial\/nasa-esvazia-estacao-especial-internacional-pela-1a-vez-saiba-o-motivo\/\" target=\"_blank\" class=\"twitter-share\" rel=\"nofollow noopener\"><\/a><br \/>\n\t\t<a href=\"#\" class=\"whatsapp-share\" data-url=\"https:\/\/www.diariodocentrodomundo.com.br\/essencial\/nasa-esvazia-estacao-especial-internacional-pela-1a-vez-saiba-o-motivo\/\" data-title=\"Nasa esvazia Esta\u00e7\u00e3o Especial Internacional pela 1\u00aa vez; saiba o motivo\"><\/a><br \/>\n\t<a href=\"https:\/\/www.linkedin.com\/sharing\/share-offsite\/?url=https:\/\/www.diariodocentrodomundo.com.br\/essencial\/nasa-esvazia-estacao-especial-internacional-pela-1a-vez-saiba-o-motivo\/\" target=\"_blank\" class=\"linkedin-share\" rel=\"nofollow noopener\"><\/a><br \/>\n   <a href=\"https:\/\/www.threads.net\/intent\/post?text=Nasa+esvazia+Esta%C3%A7%C3%A3o+Especial+Internacional+pela+1%C2%AA+vez%3B+saiba+o+motivo&amp;url=https%3A%2F%2Fwww.diariodocentrodomundo.com.br%2Fessencial%2Fnasa-esvazia-estacao-especial-internacional-pela-1a-vez-saiba-o-motivo%2F\" target=\"_blank\" class=\"threads-share\" rel=\"nofollow noopener\"><img decoding=\"async\" class=\"threads-icon perfmatters-lazy\" src=\"https:\/\/www.diariodocentrodomundo.com.br\/wp-content\/themes\/Newsmag\/images\/icons\/threads.svg\"\/><\/a> <\/p>\n<p>            <img fetchpriority=\"high\" decoding=\"async\" class=\"size-full wp-image-1533586\" src=\"https:\/\/www.europesays.com\/pt\/wp-content\/uploads\/2026\/01\/imagem_2026-01-12_084402231.png\" alt=\"\" width=\"1024\" height=\"682\"  \/>Os astronautas Oleg Platonov, Michael Fincke, Zena Cardman e Kimiya Yui. Foto: reprodu\u00e7\u00e3o<\/p>\n<p>A miss\u00e3o Crew-11, com quatro astronautas a bordo da Esta\u00e7\u00e3o Espacial Internacional, teve seu retorno antecipado devido a uma condi\u00e7\u00e3o de sa\u00fade \u201cgrave\u201d de um dos tripulantes. O evento \u00e9 in\u00e9dito nos 25 anos de opera\u00e7\u00e3o da ISS e \u00e9 a primeira evacua\u00e7\u00e3o m\u00e9dica da hist\u00f3ria da esta\u00e7\u00e3o. O administrador da Nasa, Jared Isaacman, n\u00e3o revelou detalhes sobre o problema ou o astronauta afetado.<\/p>\n<p>A equipe \u00e9 formada pelos estadunidenses Zena Cardman e Michael Fincke, o japon\u00eas Kimiya Yui e o russo Oleg Platonov. A Nasa afirmou que o estado do astronauta \u00e9 \u201cabsolutamente est\u00e1vel\u201d e que a a\u00e7\u00e3o \u00e9 preventiva, visando um melhor tratamento na Terra. Uma caminhada espacial programada foi cancelada ap\u00f3s a identifica\u00e7\u00e3o do problema.<\/p>\n<p>Com quase todos os objetivos da miss\u00e3o cumpridos, o retorno antecipado n\u00e3o deve impactar significativamente as pesquisas. A previs\u00e3o \u00e9 que a Crew-11 volte nos pr\u00f3ximos dias, enquanto os tr\u00eas astronautas restantes na ISS priorizam a manuten\u00e7\u00e3o da esta\u00e7\u00e3o.<\/p>\n<p>&#13;<br \/>\n&#13;<br \/>\n&#13;<br \/>\n    &#13;<br \/>\n&#13;<br \/>\n    &#13;<br \/>\n    &#13;<br \/>\n&#13;<br \/>\n    &#13;<br \/>\n            &#13;<br \/>\n        &#13;<br \/>\n&#13;<br \/>\n&#13;<\/p>\n<p>&#13;<br \/>\n&#13;<br \/>\n    &#13;<br \/>\n&#13;<\/p>\n<p>&#13;<br \/>\n\t\t&#13;<\/p>\n<p>Privacidade e cookies: Este site utiliza cookies. Ao continuar a usar este site, voc\u00ea concorda com seu usoOkPol\u00edtica de Privacidade<\/p>\n<p>\t\t&#13;<br \/>\n\t\t&#13;<br \/>\n&#13;<br \/>\n<script async src=\"https:\/\/platform.twitter.com\/widgets.js\" charset=\"utf-8\"><\/script><\/p>\n","protected":false},"excerpt":{"rendered":"&#13; &#13; &#13; &#13; &#13; Nasa esvazia Esta\u00e7\u00e3o Especial Internacional pela 1\u00aa vez; saiba o motivo&#13; &#13; &#13;&hellip;\n","protected":false},"author":2,"featured_media":226407,"comment_status":"","ping_status":"","sticky":false,"template":"","format":"standard","meta":{"footnotes":""},"categories":[84],"tags":[109,107,108,32,33,105,103,104,106,110],"class_list":{"0":"post-226406","1":"post","2":"type-post","3":"status-publish","4":"format-standard","5":"has-post-thumbnail","7":"category-ciencia-e-tecnologia","8":"tag-ciencia","9":"tag-ciencia-e-tecnologia","10":"tag-cienciaetecnologia","11":"tag-portugal","12":"tag-pt","13":"tag-science","14":"tag-science-and-technology","15":"tag-scienceandtechnology","16":"tag-technology","17":"tag-tecnologia"},"share_on_mastodon":{"url":"https:\/\/pubeurope.com\/@pt\/115883995526216386","error":""},"_links":{"self":[{"href":"https:\/\/www.europesays.com\/pt\/wp-json\/wp\/v2\/posts\/226406","targetHints":{"allow":["GET"]}}],"collection":[{"href":"https:\/\/www.europesays.com\/pt\/wp-json\/wp\/v2\/posts"}],"about":[{"href":"https:\/\/www.europesays.com\/pt\/wp-json\/wp\/v2\/types\/post"}],"author":[{"embeddable":true,"href":"https:\/\/www.europesays.com\/pt\/wp-json\/wp\/v2\/users\/2"}],"replies":[{"embeddable":true,"href":"https:\/\/www.europesays.com\/pt\/wp-json\/wp\/v2\/comments?post=226406"}],"version-history":[{"count":0,"href":"https:\/\/www.europesays.com\/pt\/wp-json\/wp\/v2\/posts\/226406\/revisions"}],"wp:featuredmedia":[{"embeddable":true,"href":"https:\/\/www.europesays.com\/pt\/wp-json\/wp\/v2\/media\/226407"}],"wp:attachment":[{"href":"https:\/\/www.europesays.com\/pt\/wp-json\/wp\/v2\/media?parent=226406"}],"wp:term":[{"taxonomy":"category","embeddable":true,"href":"https:\/\/www.europesays.com\/pt\/wp-json\/wp\/v2\/categories?post=226406"},{"taxonomy":"post_tag","embeddable":true,"href":"https:\/\/www.europesays.com\/pt\/wp-json\/wp\/v2\/tags?post=226406"}],"curies":[{"name":"wp","href":"https:\/\/api.w.org\/{rel}","templated":true}]}}